{"id":12862,"date":"2024-06-11T15:02:50","date_gmt":"2024-06-11T15:02:50","guid":{"rendered":"http:\/\/revistalaneta.com.mx\/?p=12862"},"modified":"2024-06-11T15:02:50","modified_gmt":"2024-06-11T15:02:50","slug":"no-hay-censura-a-la-prensa-gobernador","status":"publish","type":"post","link":"http:\/\/revistalaneta.com.mx\/?p=12862","title":{"rendered":"NO HAY CENSURA A LA PRENSA: GOBERNADOR"},"content":{"rendered":"\n<p><br>Durante el evento conmemorativo al D\u00eda de la Libertad de Expresi\u00f3n, celebrado este lunes en uno de los salones del Polyforum Victoria por el Gobierno del Estado de Tamaulipas que preside el gobernador Am\u00e9rico Villarreal Anaya, se dej\u00f3 en claro por parte del mandatario estatal que en su administraci\u00f3n ni se censura ni se reprime la libertad de expresi\u00f3n, a la vez que manifest\u00f3 que hoy m\u00e1s que nunca, en tiempos en que las \u201cfake news\u201d pretenden encontrar espacios desde donde confundir a la ciudadan\u00eda, a instancias de intereses oscuros, se requiere de un periodismo de altura, \u00e9tico, anal\u00edtico y comprometido con las causas sociales. El gobernador estuvo acompa\u00f1ado de dicho evento del coordinador de Comunicaci\u00f3n Social del Estado, Francisco Cu\u00e9llar Cardona, as\u00ed como los dem\u00e1s miembros del gabinete estatal, quienes acompa\u00f1aron a los comunicadores en su festejo.<\/p>\n\n\n\n<p>SE REQUIERE PERIODISMO QUE EDUQUE<br \/>Cabe indicar que comunicadores de todo el estado fueron invitados a dicho evento, donde adem\u00e1s el gobernador Am\u00e9rico Villarreal Anaya refrend\u00f3 que el gobierno humanista de la Cuarta Transformaci\u00f3n no persigue, ni censura y jam\u00e1s amenaza una opini\u00f3n o pretende silenciar una voz. A la vez el mandatario estatal consider\u00f3 que hoy en d\u00eda se requiere un periodismo que eduque, que informe, que contraste posturas, que sea un periodismo a la altura de su tiempo, anal\u00edtico de las condiciones socioecon\u00f3micas y facilitador de la toma de decisiones. Y todo esto es, l\u00f3gicamente, un periodismo eminentemente libre, concebido y ejercido para la libertad, para alcanzar la justicia y m\u00e1s bienestar.<\/p>\n\n\n\n<p>NO HAY PERSECUCI\u00d3N: PACO CU\u00c9LLAR<br \/>Por su parte Francisco Cuellar Cardona, en su intervenci\u00f3n asegur\u00f3 que el gobierno que conduce el doctor Am\u00e9rico Villarreal respeta la libertad de expresi\u00f3n, cuida y protege al gremio period\u00edstico, respeta la cr\u00edtica, incluso a aquellos que caen en el libertinaje y en la calumnia. Hizo \u00e9nfasis en que antes en Tamaulipas, \u201cpasaba todo y no se dec\u00eda nada\u201d, y que hoy en cambio \u201cse dice todo y se publica todo, sin perseguir ni molestar a nadie\u201d. El jefe de prensa estatal afirm\u00f3 que la represi\u00f3n, la censura, la persecuci\u00f3n no est\u00e1n en la agenda de este gobierno humanista de Am\u00e9rico Villarreal, y que quienes digan lo contrario saben que mienten. Igualmente mencion\u00f3 que el Gobierno del Estado no est\u00e1 a favor de una prensa aplaudidora y que vea un mundo color de rosa, sino al contrario, \u201cse requiere de una prensa que ejerza la cr\u00edtica con alta responsabilidad y \u00e9tica, que se\u00f1ale errores con fundamento, que contribuya al buen ejercicio de gobierno, pero que destaque tambi\u00e9n lo bueno, que haga contrastes con el pasado, que mida indicadores y compare\u201d.<\/p>\n\n\n\n<p>ECHAN ABAJO CAMBIOS EN EL CONGRESO DEL ESTADO<br \/>Sigue el PAN de Tamaulipas de mal y de malas pues ahora resulta que la Suprema Corte de Justicia de la Naci\u00f3n (SCJN) ha declarado inconstitucionales las reformas que la bancada panista en el Congreso del Estado, aprob\u00f3 para que tanto la Ley Interna como el \u00d3rgano de Gobierno solo se puedan modificar con las dos terceras partes de los votos de los diputados locales. Y la decisi\u00f3n fue un\u00e1nime. As\u00ed que no va a ser necesario esperar a que la nueva legislatura entre en funciones para volver a realizar las modificaciones pertinentes en dichos rubros.<\/p>\n\n\n\n<p>RECIBE IMELDA CONSTANCIA COMO SENADORA<br \/>Este lunes por la tarde la neolaredense Imelda Sanmiguel S\u00e1nchez recibi\u00f3 la constancia que la acredita como senadora electa de primera minor\u00eda, junto a su suplente Gloria Ivett Bermea V\u00e1zquez, esto por parte de las autoridades del Instituto Nacional Electoral (INE) con sede en la capital del estado. Como ya es conocido Imelda ocupar\u00e1 una curul en el Senado de la Rep\u00fablica a partir del primero de septiembre del a\u00f1o en curso, tras haber quedado la alianza PAN-PRI-PRD en el segundo lugar de la contienda por las senadur\u00edas, y al encabezar Imelda la f\u00f3rmula de dicha alianza, le permiti\u00f3 conseguir la senadur\u00eda de primera minor\u00eda. \u00a1Enhorabuena!<\/p>\n\n\n\n<p>CATEDR\u00c1TICOS DE LA UAT INTEGRAN IMPORTANTE ORGANISMO<br \/>Catedr\u00e1ticos de la Facultad de Medicina Veterinaria y Zootecnia de la Universidad Aut\u00f3noma de Tamaulipas (FMVZ-UAT) han sido designados como miembros de la Asamblea General de Representantes del Consejo Nacional de Educaci\u00f3n de la Medicina Veterinaria y Zootecnia, A. C. (CONEVET). Se trata del Dr. Flaviano Benavides Gonz\u00e1lez, director de la FMVZ-UAT, quien rindi\u00f3 protesta como integrante de la asamblea general conformada dentro del CONEVET, al igual que la Dra. Sandra Elizabeth Hern\u00e1ndez M\u00e9ndez, quien por su parte fungir\u00e1 como representante del Consejo T\u00e9cnico Consultivo Nacional de Sanidad Animal (CONASA). Cabe indicar que el CONEVET es el m\u00e1ximo \u00f3rgano acreditador de programas acad\u00e9micos de medicina veterinaria y zootecnia en M\u00e9xico y desempe\u00f1a un papel fundamental en garantizar que las instituciones de educaci\u00f3n superior cumplan con los est\u00e1ndares de calidad para contribuir al avance y mejoramiento de la profesi\u00f3n.<\/p>\n\n\n\n<p>LO \u00daLTIMO<br \/>Un \u201cpicnic\u201d literario se llevar\u00e1 a cabo el pr\u00f3ximo viernes 14 de junio en la explanada Independencia del Palacio Federal, cuyo objetivo es promover la lectura. El evento se realizar\u00e1 de cinco de la tarde a ocho de la noche y se contar\u00e1 con la presencia de seis bibliotecas municipales que expondr\u00e1n diversos libros para que la gente pueda leerlos en \u00e1reas que se dispondr\u00e1n para ello dentro de la plancha de la explanada\u2026 Es probable que hoy pase de regreso por Nuevo Laredo, con rumbo a Canad\u00e1, la m\u00e1quina de vapor que tanto furor ha causado en su recorrido por las v\u00edas f\u00e9rreas de M\u00e9xico. Y es que inicialmente se dijo que volver\u00eda a pasar por esta ciudad fronteriza el s\u00e1bado, pero al parecer tuvo algunos desperfectos, y ya la llevan de regreso, jalada con otra m\u00e1quina, por lo que quienes se quieran tomar fotos, pues est\u00e9n abusados, porque ya no se anda haciendo tanto mitote al respecto\u2026 El Partido de la Revoluci\u00f3n Democr\u00e1tica (PRD) perder\u00e1 su registro a nivel nacional, esto tras no haber alcanzado el 3 por ciento de los votos totales emitidos en la elecci\u00f3n federal. El partido del sol azteca muy apenas lleg\u00f3 al 1.86 por ciento en la votaci\u00f3n por las diputaciones federales, por lo que luego de largos a\u00f1os de ser una opci\u00f3n pol\u00edtica en M\u00e9xico, desaparecer\u00e1.<\/p>\n","protected":false},"excerpt":{"rendered":"<p>Durante el evento conmemorativo al D\u00eda de la Libertad de Expresi\u00f3n, celebrado este lunes en uno de los salones del Polyforum Victoria por el Gobierno del Estado de Tamaulipas que &hellip; <a href=\"http:\/\/revistalaneta.com.mx\/?p=12862\" class=\"more-link\">Leer m\u00e1s<\/a><\/p>\n","protected":false},"author":1,"featured_media":12861,"comment_status":"open","ping_status":"open","sticky":false,"template":"","format":"standard","meta":{"footnotes":""},"categories":[2,3],"tags":[],"class_list":["post-12862","post","type-post","status-publish","format-standard","has-post-thumbnail","hentry","category-chismorreo","category-opinion","entry"],"_links":{"self":[{"href":"http:\/\/revistalaneta.com.mx\/index.php?rest_route=\/wp\/v2\/posts\/12862","targetHints":{"allow":["GET"]}}],"collection":[{"href":"http:\/\/revistalaneta.com.mx\/index.php?rest_route=\/wp\/v2\/posts"}],"about":[{"href":"http:\/\/revistalaneta.com.mx\/index.php?rest_route=\/wp\/v2\/types\/post"}],"author":[{"embeddable":true,"href":"http:\/\/revistalaneta.com.mx\/index.php?rest_route=\/wp\/v2\/users\/1"}],"replies":[{"embeddable":true,"href":"http:\/\/revistalaneta.com.mx\/index.php?rest_route=%2Fwp%2Fv2%2Fcomments&post=12862"}],"version-history":[{"count":1,"href":"http:\/\/revistalaneta.com.mx\/index.php?rest_route=\/wp\/v2\/posts\/12862\/revisions"}],"predecessor-version":[{"id":12863,"href":"http:\/\/revistalaneta.com.mx\/index.php?rest_route=\/wp\/v2\/posts\/12862\/revisions\/12863"}],"wp:featuredmedia":[{"embeddable":true,"href":"http:\/\/revistalaneta.com.mx\/index.php?rest_route=\/wp\/v2\/media\/12861"}],"wp:attachment":[{"href":"http:\/\/revistalaneta.com.mx\/index.php?rest_route=%2Fwp%2Fv2%2Fmedia&parent=12862"}],"wp:term":[{"taxonomy":"category","embeddable":true,"href":"http:\/\/revistalaneta.com.mx\/index.php?rest_route=%2Fwp%2Fv2%2Fcategories&post=12862"},{"taxonomy":"post_tag","embeddable":true,"href":"http:\/\/revistalaneta.com.mx\/index.php?rest_route=%2Fwp%2Fv2%2Ftags&post=12862"}],"curies":[{"name":"wp","href":"https:\/\/api.w.org\/{rel}","templated":true}]}}