{"id":12871,"date":"2024-06-12T11:07:26","date_gmt":"2024-06-12T11:07:26","guid":{"rendered":"http:\/\/revistalaneta.com.mx\/?p=12871"},"modified":"2024-06-12T11:07:26","modified_gmt":"2024-06-12T11:07:26","slug":"tamaulipas-es-septimo-lugar-nacional-en-el-sistema-de-evaluacion-del-desempeno-2023-del-servicio-nacional-del-empleo","status":"publish","type":"post","link":"http:\/\/revistalaneta.com.mx\/?p=12871","title":{"rendered":"Tamaulipas es s\u00e9ptimo lugar nacional en el Sistema de Evaluaci\u00f3n del Desempe\u00f1o 2023 del Servicio Nacional del Empleo"},"content":{"rendered":"\n<p><\/p>\n\n\n\n<ul class=\"wp-block-list\">\n<li>Secretar\u00eda del Trabajo federal reconoci\u00f3 el trabajo de Tamaulipas, que en 2022 estaba en el lugar 28<\/li>\n<\/ul>\n\n\n\n<p><\/p>\n\n\n\n<p>Ciudad Victoria, Tamaulipas.- Tamaulipas obtuvo el s\u00e9ptimo lugar en el Sistema de Evaluaci\u00f3n del Desempe\u00f1o de las oficinas del Servicio Nacional de Empleo 2023, de acuerdo a un reconocimiento otorgado por el Gobierno de M\u00e9xico a trav\u00e9s de la Secretar\u00eda del Trabajo federal, de manos del titular Marath Baruch Bola\u00f1os L\u00f3pez, durante un evento realizado en Los Pinos.<\/p>\n\n\n\n<p>As\u00ed lo dio a conocer Abelardo Flores Mendoza, encargado de despacho de la Secretar\u00eda del Trabajo y Previsi\u00f3n Social de Tamaulipas, quien se\u00f1al\u00f3 que este reconocimiento se recibi\u00f3 en la Ciudad de M\u00e9xico y se hizo extensivo al personal de esta dependencia en Tamaulipas, con la participaci\u00f3n del secretario general de Gobierno, H\u00e9ctor Villegas Gonz\u00e1lez, quien a nombre del gobernador Am\u00e9rico Villarreal Anaya, felicit\u00f3 a todas y todos al haber obtenido el s\u00e9ptimo lugar nacional en 2023, con el antecedente de haber recibido la dependencia en 2022 en el lugar n\u00famero 28.<\/p>\n\n\n\n<p>&#8220;El s\u00e9ptimo lugar a nivel nacional no es una tarea f\u00e1cil, es el resultado de horas de trabajo, de superar desaf\u00edos y mantenerse enfocados en una misi\u00f3n, donde cada uno de ustedes ha contribuido a este logro y merece ser reconocido porque se pone en alto el nombre de Tamaulipas y tambi\u00e9n demuestra el impacto positivo que el Servicio Nacional del Empleo tiene en el estado y en el pa\u00eds&#8221;, expres\u00f3 Flores Mendoza.<\/p>\n\n\n\n<p>Al hacer uso de la palabra, el secretario general de Gobierno H\u00e9ctor Villegas Gonz\u00e1lez se\u00f1al\u00f3: &#8220;A nombre del se\u00f1or gobernador Am\u00e9rico Villarreal Anaya reciban un gran saludo y un reconocimiento al trabajo que han hecho en esta gran Secretar\u00eda en sinergia con el SNE, pues nos da mucho gusto que gracias a su labor ahora tienen el lugar 7 despu\u00e9s de haberlo recibido en el lugar 28 y esto beneficia a los casi 3.6 millones de tamaulipecos&#8221;.<\/p>\n\n\n\n<p>El secretario general de Gobierno record\u00f3 que durante la estancia de la ex secretaria Olga Sosa Ru\u00edz, se hicieron las sinergias necesarias y un trabajo intenso que ahora se ve reflejado en un honroso lugar n\u00famero 7, escalando 21 posiciones en el desempe\u00f1o del SNE Tamaulipas.<\/p>\n\n\n\n<p>En este evento particip\u00f3 la directora del Servicio Nacional del Empleo en Tamaulipas, Beatriz del Toro C\u00e1zares, y se hizo entrega de reconocimientos municipales a \u00c1ngeles Hayd\u00e9 Moreno Llanos de Tampico; Yolanda G\u00f3mez Aguilar de Altamira; Rosa Mar\u00eda Ruiz Gordillo de Nuevo Laredo; Felipe Rodr\u00edguez Garc\u00eda de Reynosa; Dar\u00edo Salda\u00f1a Guevara de El Mante; Cehila Isabel Su\u00e1rez Hern\u00e1ndez de Ciudad Victoria y Jaime Mellado V\u00e1zquez de Matamoros.<code> * * *<\/code><\/p>\n","protected":false},"excerpt":{"rendered":"<p>Ciudad Victoria, Tamaulipas.- Tamaulipas obtuvo el s\u00e9ptimo lugar en el Sistema de Evaluaci\u00f3n del Desempe\u00f1o de las oficinas del Servicio Nacional de Empleo 2023, de acuerdo a un reconocimiento otorgado &hellip; <a href=\"http:\/\/revistalaneta.com.mx\/?p=12871\" class=\"more-link\">Leer m\u00e1s<\/a><\/p>\n","protected":false},"author":1,"featured_media":12870,"comment_status":"open","ping_status":"open","sticky":false,"template":"","format":"standard","meta":{"footnotes":""},"categories":[7,8],"tags":[],"class_list":["post-12871","post","type-post","status-publish","format-standard","has-post-thumbnail","hentry","category-ciudad-victoria","category-tamaulipas-sur","entry"],"_links":{"self":[{"href":"http:\/\/revistalaneta.com.mx\/index.php?rest_route=\/wp\/v2\/posts\/12871","targetHints":{"allow":["GET"]}}],"collection":[{"href":"http:\/\/revistalaneta.com.mx\/index.php?rest_route=\/wp\/v2\/posts"}],"about":[{"href":"http:\/\/revistalaneta.com.mx\/index.php?rest_route=\/wp\/v2\/types\/post"}],"author":[{"embeddable":true,"href":"http:\/\/revistalaneta.com.mx\/index.php?rest_route=\/wp\/v2\/users\/1"}],"replies":[{"embeddable":true,"href":"http:\/\/revistalaneta.com.mx\/index.php?rest_route=%2Fwp%2Fv2%2Fcomments&post=12871"}],"version-history":[{"count":1,"href":"http:\/\/revistalaneta.com.mx\/index.php?rest_route=\/wp\/v2\/posts\/12871\/revisions"}],"predecessor-version":[{"id":12872,"href":"http:\/\/revistalaneta.com.mx\/index.php?rest_route=\/wp\/v2\/posts\/12871\/revisions\/12872"}],"wp:featuredmedia":[{"embeddable":true,"href":"http:\/\/revistalaneta.com.mx\/index.php?rest_route=\/wp\/v2\/media\/12870"}],"wp:attachment":[{"href":"http:\/\/revistalaneta.com.mx\/index.php?rest_route=%2Fwp%2Fv2%2Fmedia&parent=12871"}],"wp:term":[{"taxonomy":"category","embeddable":true,"href":"http:\/\/revistalaneta.com.mx\/index.php?rest_route=%2Fwp%2Fv2%2Fcategories&post=12871"},{"taxonomy":"post_tag","embeddable":true,"href":"http:\/\/revistalaneta.com.mx\/index.php?rest_route=%2Fwp%2Fv2%2Ftags&post=12871"}],"curies":[{"name":"wp","href":"https:\/\/api.w.org\/{rel}","templated":true}]}}