{"id":12877,"date":"2024-06-12T11:13:13","date_gmt":"2024-06-12T11:13:13","guid":{"rendered":"http:\/\/revistalaneta.com.mx\/?p=12877"},"modified":"2024-06-12T11:13:13","modified_gmt":"2024-06-12T11:13:13","slug":"invita-secretaria-de-desarrollo-energetico-a-la-segunda-carrera-corre-como-el-viento","status":"publish","type":"post","link":"http:\/\/revistalaneta.com.mx\/?p=12877","title":{"rendered":"Invita Secretar\u00eda de Desarrollo Energ\u00e9tico a la segunda carrera \u201cCorre como el viento\u201d"},"content":{"rendered":"\n<p><\/p>\n\n\n\n<p>Ciudad Victoria, Tamaulipas.- En el marco de la celebraci\u00f3n del D\u00eda Mundial del Viento, este pr\u00f3ximo 16 de junio, la Secretar\u00eda de Desarrollo Energ\u00e9tico de Tamaulipas, invita a la ciudadan\u00eda en general a participar en la carrera atl\u00e9tica de 5K \u201cCorre como el viento\u201d.<\/p>\n\n\n\n<p>Esta carrera tiene como fin concientizar sobre el uso de la energ\u00eda e\u00f3lica y, adem\u00e1s, realizar una actividad recreativa familiar.<\/p>\n\n\n\n<p>La cita es el pr\u00f3ximo 16 de junio en punto de las 6:30 horas en el estadio Marte R. G\u00f3mez, con las siguientes categor\u00edas participantes: femenil, varonil e infantil, esta \u00faltima de 1 km de distancia.<\/p>\n\n\n\n<p>Para poder registrar tu participaci\u00f3n deber\u00e1s llenar el formulario en el siguiente link: https:\/\/docs.google.com\/forms\/d\/e\/1FAIpQLSdujUKZtSv0H_9TrL8loSae_nd0ekAu56S1qYFRbmNvU2pjXQ\/viewform Cabe destacar que a las primeras 500 personas en registrarse recibir\u00e1n una playera conmemorativa del evento.<\/p>\n\n\n\n<p>Habr\u00e1 rifas y premios para las y los ganadores. La SEDENER invita a la comunidad a participar.<\/p>\n","protected":false},"excerpt":{"rendered":"<p>Ciudad Victoria, Tamaulipas.- En el marco de la celebraci\u00f3n del D\u00eda Mundial del Viento, este pr\u00f3ximo 16 de junio, la Secretar\u00eda de Desarrollo Energ\u00e9tico de Tamaulipas, invita a la ciudadan\u00eda &hellip; <a href=\"http:\/\/revistalaneta.com.mx\/?p=12877\" class=\"more-link\">Leer m\u00e1s<\/a><\/p>\n","protected":false},"author":1,"featured_media":12876,"comment_status":"open","ping_status":"open","sticky":false,"template":"","format":"standard","meta":{"footnotes":""},"categories":[7],"tags":[],"class_list":["post-12877","post","type-post","status-publish","format-standard","has-post-thumbnail","hentry","category-ciudad-victoria","entry"],"_links":{"self":[{"href":"http:\/\/revistalaneta.com.mx\/index.php?rest_route=\/wp\/v2\/posts\/12877","targetHints":{"allow":["GET"]}}],"collection":[{"href":"http:\/\/revistalaneta.com.mx\/index.php?rest_route=\/wp\/v2\/posts"}],"about":[{"href":"http:\/\/revistalaneta.com.mx\/index.php?rest_route=\/wp\/v2\/types\/post"}],"author":[{"embeddable":true,"href":"http:\/\/revistalaneta.com.mx\/index.php?rest_route=\/wp\/v2\/users\/1"}],"replies":[{"embeddable":true,"href":"http:\/\/revistalaneta.com.mx\/index.php?rest_route=%2Fwp%2Fv2%2Fcomments&post=12877"}],"version-history":[{"count":1,"href":"http:\/\/revistalaneta.com.mx\/index.php?rest_route=\/wp\/v2\/posts\/12877\/revisions"}],"predecessor-version":[{"id":12878,"href":"http:\/\/revistalaneta.com.mx\/index.php?rest_route=\/wp\/v2\/posts\/12877\/revisions\/12878"}],"wp:featuredmedia":[{"embeddable":true,"href":"http:\/\/revistalaneta.com.mx\/index.php?rest_route=\/wp\/v2\/media\/12876"}],"wp:attachment":[{"href":"http:\/\/revistalaneta.com.mx\/index.php?rest_route=%2Fwp%2Fv2%2Fmedia&parent=12877"}],"wp:term":[{"taxonomy":"category","embeddable":true,"href":"http:\/\/revistalaneta.com.mx\/index.php?rest_route=%2Fwp%2Fv2%2Fcategories&post=12877"},{"taxonomy":"post_tag","embeddable":true,"href":"http:\/\/revistalaneta.com.mx\/index.php?rest_route=%2Fwp%2Fv2%2Ftags&post=12877"}],"curies":[{"name":"wp","href":"https:\/\/api.w.org\/{rel}","templated":true}]}}