{"id":12955,"date":"2024-06-13T04:37:44","date_gmt":"2024-06-13T04:37:44","guid":{"rendered":"http:\/\/revistalaneta.com.mx\/?p=12955"},"modified":"2024-06-13T04:37:44","modified_gmt":"2024-06-13T04:37:44","slug":"claudia-se-pronuncia-contra-la-reeleccion","status":"publish","type":"post","link":"http:\/\/revistalaneta.com.mx\/?p=12955","title":{"rendered":"CLAUDIA SE PRONUNCIA CONTRA LA REELECCI\u00d3N"},"content":{"rendered":"\n<p><\/p>\n\n\n\n<p>-Hist\u00f3ricamente los mexicanos la rechazan<\/p>\n\n\n\n<p>-Casi lista nueva preparatoria municipal<\/p>\n\n\n\n<p>-Echan abajo contrato que hered\u00f3 el cabecismo<\/p>\n\n\n\n<p>Tiempo de opinar<\/p>\n\n\n\n<p>Ra\u00fal Hern\u00e1ndez Moreno<\/p>\n\n\n\n<p>Tal y como lo hizo en el arranque de su campa\u00f1a, Claudia Sheinbaun volvi\u00f3 a insistir en eliminar la reelecci\u00f3n de la Constituci\u00f3n, al reunirse con el presidente Andr\u00e9s Manuel L\u00f3pez Obrador.<\/p>\n\n\n\n<p>Al t\u00e9rmino de la reuni\u00f3n, dijo que le extern\u00f3 al mandatario su apoyo para sacar adelante las 20 reformas que propuso en febrero de este a\u00f1o y le hizo saber que tambi\u00e9n propondr\u00e1 dos reformas sociales: que las becas sean universales para alumnos de educaci\u00f3n b\u00e1sica y que las mujeres de entre 60 y 64 a\u00f1os de edad reciban un apoyo econ\u00f3mico.<\/p>\n\n\n\n<p>Adicionalmente, propondr\u00e1 eliminar la reelecci\u00f3n y que se reforme el Poder Judicial, previa consulta con la sociedad.<\/p>\n\n\n\n<p>La reelecci\u00f3n de senadores, diputados federales, alcaldes y diputados locales fue aprobada en el sexenio de Enrique Pe\u00f1a Nieto, en 2014.<\/p>\n\n\n\n<p>Hist\u00f3ricamente la reelecci\u00f3n es un tema que no le gusta a la gente de a pie.<\/p>\n\n\n\n<p>En 1871, cuando Benito Ju\u00e1rez, que llevaba 13 a\u00f1os en el poder, se reeligi\u00f3 para un per\u00edodo de cuatro a\u00f1os m\u00e1s, su amigo Porfirio D\u00edaz, que compiti\u00f3 y perdi\u00f3 las elecciones presidenciales ante su paisano, se lanz\u00f3 a las armas con su Plan de la Noria y al grito de \u00a1Viva Porfirio D\u00edaz! \u00a1Muera la reelecci\u00f3n!<\/p>\n\n\n\n<p>En la parte final el plan establece \u201cQue ning\u00fan ciudadano se imponga y perpetue en el poder, y esta ser\u00e1 la \u00faltima revoluci\u00f3n\u201d.<\/p>\n\n\n\n<p>Esa, y otras asonadas que estallaron por todos los rumbos, en Puebla, Monterrey, Sinaloa, Jalisco, Durango, Zacatecas, fueron aplastadas a sangre y fuego, por el ej\u00e9rcito y generales que eran unas fieras como Sostenes Rocha, que en la \u00e9poca actual ser\u00eda cliente permanente de los Derechos Humamos por su impiedad con los adversarios.<\/p>\n\n\n\n<p>Muerto Ju\u00e1rez, en julio de 1972, su lugar lo ocup\u00f3 el presidente de la Suprema Corte de Justicia. Sebasti\u00e1n Lerdo de Tejada, que se someti\u00f3 a elecciones a los pocos meses y gan\u00f3. En 1876 Lerdo busc\u00f3 la reelecci\u00f3n y Porfirio Diaz se lanz\u00f3 en su contra, a trav\u00e9s del Plan de Tuxtepec y ahora s\u00ed triunfo y estuvo cuatro a\u00f1os en el poder, dej\u00e1ndoselo a su compadre, el tamaulipeco Manuel Gonz\u00e1lez El Manco.<\/p>\n\n\n\n<p>Al terminar el per\u00edodo de Gonz\u00e1lez, D\u00edaz se olvid\u00f3 de la frase que incluy\u00f3 en el Plan de la Noria, \u201cde que ning\u00fan ciudadano se imponga y perpetue en el poder y esta ser\u00e1 la \u00faltima revoluci\u00f3n\u201d y en 1884 volvi\u00f3 a competir por la presidencia, gan\u00f3 y ah\u00ed se qued\u00f3 hasta mayo de 1911, cuando la revoluci\u00f3n de Francisco Madero lo oblig\u00f3 a renunciar, usando este \u00faltimo, como lema, la frase \u201cSufragio efectivo. No reelecci\u00f3n\u201d.<\/p>\n\n\n\n<p>En 1926, a \u00c1lvaro Obreg\u00f3n le naci\u00f3 la idea de volver a reelegirse como presidente, para lo cual le orden\u00f3 a su amigo, el presidente Plutarco El\u00edas Calles, reformar la Constituci\u00f3n para autorizar la reelecci\u00f3n. En 1928 \u00c1lvaro Obreg\u00f3n compiti\u00f3 y gan\u00f3, pero poco le dur\u00f3 el gusto pues a los pocos d\u00edas fue asesinado por Jos\u00e9 de Le\u00f3n Toral quien fue fusilado y es el \u00faltimo mexicano al que se le aplic\u00f3 la pena de muerte.<\/p>\n\n\n\n<p>Muerto Obreg\u00f3n se cancel\u00f3 la reelecci\u00f3n.<\/p>\n\n\n\n<p>Miguel Alem\u00e1n y Carlos Salinas buscaron modificar la Constituci\u00f3n para reelegirse, pero se toparon con el rechazo de la sociedad y cancelaron sus intenciones.<\/p>\n\n\n\n<p>A partir de septiembre, Morena tendr\u00e1 el control del Congreso y podr\u00e1 dar marcha atr\u00e1s a la reelecci\u00f3n, si la propuesta es de verdad, pero igual y es un tema medi\u00e1tico, el Congreso la desecha y la futura presidenta podr\u00e1 lavarse las manos diciendo que los legisladores no quisieron.<\/p>\n\n\n\n<p>En otro tema, con una inversi\u00f3n de 92 millones de pesos, la construcci\u00f3n de una preparatoria en la calle Monterrey, entre Anzures y Los Pilotos, beneficiar\u00e1 a m\u00e1s de mil 500 j\u00f3venes.<\/p>\n\n\n\n<p>La alcaldesa Carmen Lilia Canturosas expuso que con esta nueva preparatoria se busca acercar la educaci\u00f3n a los j\u00f3venes y que haya espacios para todos.<br \/>El nuevo plantel tendr\u00e1 dos m\u00f3dulos con seis aulas cada uno, laboratorios, dos canchas de usos m\u00faltiples, cancha de futbol, bebederos con equipo purificador, edificio administrativo, estacionamiento, barda perimetral. El terreno es de 35 mil metros cuadrados.<\/p>\n\n\n\n<p>Por otra parte, el Congreso se puso las pilas y ech\u00f3 abajo un contrato que hered\u00f3 el gobierno cabecista en materia de seguridad, con la empresa de video vigilancia Tres-10.<\/p>\n\n\n\n<p>El gobierno de Cabeza de Vaca firm\u00f3 un contrato por seis a\u00f1os en el que se comprometi\u00f3 a pagar a esa empresa 4 mil millones, por ofrecer el servicio de vigilancia en las calles con c\u00e1maras de video. Faltaban dos a\u00f1os para terminar el contrato-<\/p>\n\n\n\n<p>El diputado Isidro Vargas, presidente de la Comisi\u00f3n de Finanzas dijo que al cancelar este contrato el gobierno se ahorrar\u00e1 442 millones de pesos.<\/p>\n\n\n\n<p>Apenas ayer, la Suprema Corte de Justicia declar\u00f3 anti constitucional una reforma a la constituci\u00f3n de Tamaulipas, aprobada por la bancada del PAN, en junio de 2022, que ordenaba que para reformar la ley interna del Congreso se necesitaba el voto de dos terceras partes, cuando antes bastaba con la mayor\u00eda simple.<\/p>\n","protected":false},"excerpt":{"rendered":"<p>-Hist\u00f3ricamente los mexicanos la rechazan -Casi lista nueva preparatoria municipal -Echan abajo contrato que hered\u00f3 el cabecismo Tiempo de opinar Ra\u00fal Hern\u00e1ndez Moreno Tal y como lo hizo en el &hellip; <a href=\"http:\/\/revistalaneta.com.mx\/?p=12955\" class=\"more-link\">Leer m\u00e1s<\/a><\/p>\n","protected":false},"author":1,"featured_media":12954,"comment_status":"open","ping_status":"open","sticky":false,"template":"","format":"standard","meta":{"footnotes":""},"categories":[2,3],"tags":[],"class_list":["post-12955","post","type-post","status-publish","format-standard","has-post-thumbnail","hentry","category-chismorreo","category-opinion","entry"],"_links":{"self":[{"href":"http:\/\/revistalaneta.com.mx\/index.php?rest_route=\/wp\/v2\/posts\/12955","targetHints":{"allow":["GET"]}}],"collection":[{"href":"http:\/\/revistalaneta.com.mx\/index.php?rest_route=\/wp\/v2\/posts"}],"about":[{"href":"http:\/\/revistalaneta.com.mx\/index.php?rest_route=\/wp\/v2\/types\/post"}],"author":[{"embeddable":true,"href":"http:\/\/revistalaneta.com.mx\/index.php?rest_route=\/wp\/v2\/users\/1"}],"replies":[{"embeddable":true,"href":"http:\/\/revistalaneta.com.mx\/index.php?rest_route=%2Fwp%2Fv2%2Fcomments&post=12955"}],"version-history":[{"count":1,"href":"http:\/\/revistalaneta.com.mx\/index.php?rest_route=\/wp\/v2\/posts\/12955\/revisions"}],"predecessor-version":[{"id":12956,"href":"http:\/\/revistalaneta.com.mx\/index.php?rest_route=\/wp\/v2\/posts\/12955\/revisions\/12956"}],"wp:featuredmedia":[{"embeddable":true,"href":"http:\/\/revistalaneta.com.mx\/index.php?rest_route=\/wp\/v2\/media\/12954"}],"wp:attachment":[{"href":"http:\/\/revistalaneta.com.mx\/index.php?rest_route=%2Fwp%2Fv2%2Fmedia&parent=12955"}],"wp:term":[{"taxonomy":"category","embeddable":true,"href":"http:\/\/revistalaneta.com.mx\/index.php?rest_route=%2Fwp%2Fv2%2Fcategories&post=12955"},{"taxonomy":"post_tag","embeddable":true,"href":"http:\/\/revistalaneta.com.mx\/index.php?rest_route=%2Fwp%2Fv2%2Ftags&post=12955"}],"curies":[{"name":"wp","href":"https:\/\/api.w.org\/{rel}","templated":true}]}}