{"id":13038,"date":"2024-08-04T20:51:41","date_gmt":"2024-08-04T20:51:41","guid":{"rendered":"http:\/\/revistalaneta.com.mx\/?p=13038"},"modified":"2024-08-04T20:53:02","modified_gmt":"2024-08-04T20:53:02","slug":"gobierno-municipal-hace-llamado-a-los-jovenes-para-realizar-tramite-de-la-cartilla-militar","status":"publish","type":"post","link":"http:\/\/revistalaneta.com.mx\/?p=13038","title":{"rendered":"Gobierno Municipal hace llamado a los j\u00f3venes para realizar tr\u00e1mite de la Cartilla Militar"},"content":{"rendered":"\n<p><\/p>\n\n\n\n<p>Nuevo Laredo, Tamps.- Por medio de la Junta Municipal de Reclutamiento y Fomento C\u00edvico se hace un llamado a j\u00f3venes conscriptos de la clase 2006 y remisos a tramitar su Cartilla Militar.<\/p>\n\n\n\n<p>Se atiende a los j\u00f3venes que han cumplido su mayor\u00eda de edad y tambi\u00e9n a los remisos adem\u00e1s a\u00fan se dispone de suficientes pre cartillas por lo que los interesados en registrarse para cumplir con su Servicio Militar Nacional, pueden acudir a la oficina para gestionarla.<\/p>\n\n\n\n<p>Los requisitos para hacer el tr\u00e1mite son: presentar acta de nacimiento original y copia; copias: del CURP, comprobante de domicilio, estudios y de la credencial de elector (si es mayor de edad). As\u00ed como cinco fotos tama\u00f1o credencial en papel mate en blanco y negro, con camisa blanca, sin bigote, sin barba y con cabello corto.<\/p>\n\n\n\n<p>En caso de ser remiso y for\u00e1neo, deber\u00e1 presentar constancia de inexistencia de cartilla militar, la cual deber\u00e1 ser expedida en el lugar de origen.<\/p>\n\n\n\n<p>Es importante destacar que la fecha l\u00edmite para inscribirse es el pr\u00f3ximo 15 de octubre.<br \/>La oficina de reclutamiento est\u00e1 ubicada en el Centro C\u00edvico, H\u00e9roe de Nacataz y Reynosa y tiene un horario de lunes a viernes de 8:00 de la ma\u00f1ana a 3:00 de la tarde, para m\u00e1s informaci\u00f3n comunicarse al tel\u00e9fono (867) 712-59-98 y 712-33-37.<\/p>\n","protected":false},"excerpt":{"rendered":"<p>Nuevo Laredo, Tamps.- Por medio de la Junta Municipal de Reclutamiento y Fomento C\u00edvico se hace un llamado a j\u00f3venes conscriptos de la clase 2006 y remisos a tramitar su &hellip; <a href=\"http:\/\/revistalaneta.com.mx\/?p=13038\" class=\"more-link\">Leer m\u00e1s<\/a><\/p>\n","protected":false},"author":1,"featured_media":13037,"comment_status":"open","ping_status":"open","sticky":false,"template":"","format":"standard","meta":{"footnotes":""},"categories":[4],"tags":[],"class_list":["post-13038","post","type-post","status-publish","format-standard","has-post-thumbnail","hentry","category-nuevo-laredo","entry"],"_links":{"self":[{"href":"http:\/\/revistalaneta.com.mx\/index.php?rest_route=\/wp\/v2\/posts\/13038","targetHints":{"allow":["GET"]}}],"collection":[{"href":"http:\/\/revistalaneta.com.mx\/index.php?rest_route=\/wp\/v2\/posts"}],"about":[{"href":"http:\/\/revistalaneta.com.mx\/index.php?rest_route=\/wp\/v2\/types\/post"}],"author":[{"embeddable":true,"href":"http:\/\/revistalaneta.com.mx\/index.php?rest_route=\/wp\/v2\/users\/1"}],"replies":[{"embeddable":true,"href":"http:\/\/revistalaneta.com.mx\/index.php?rest_route=%2Fwp%2Fv2%2Fcomments&post=13038"}],"version-history":[{"count":1,"href":"http:\/\/revistalaneta.com.mx\/index.php?rest_route=\/wp\/v2\/posts\/13038\/revisions"}],"predecessor-version":[{"id":13039,"href":"http:\/\/revistalaneta.com.mx\/index.php?rest_route=\/wp\/v2\/posts\/13038\/revisions\/13039"}],"wp:featuredmedia":[{"embeddable":true,"href":"http:\/\/revistalaneta.com.mx\/index.php?rest_route=\/wp\/v2\/media\/13037"}],"wp:attachment":[{"href":"http:\/\/revistalaneta.com.mx\/index.php?rest_route=%2Fwp%2Fv2%2Fmedia&parent=13038"}],"wp:term":[{"taxonomy":"category","embeddable":true,"href":"http:\/\/revistalaneta.com.mx\/index.php?rest_route=%2Fwp%2Fv2%2Fcategories&post=13038"},{"taxonomy":"post_tag","embeddable":true,"href":"http:\/\/revistalaneta.com.mx\/index.php?rest_route=%2Fwp%2Fv2%2Ftags&post=13038"}],"curies":[{"name":"wp","href":"https:\/\/api.w.org\/{rel}","templated":true}]}}