{"id":13065,"date":"2024-08-05T13:56:58","date_gmt":"2024-08-05T13:56:58","guid":{"rendered":"http:\/\/revistalaneta.com.mx\/?p=13065"},"modified":"2024-08-05T13:57:23","modified_gmt":"2024-08-05T13:57:23","slug":"transporte-publico-deficiente","status":"publish","type":"post","link":"http:\/\/revistalaneta.com.mx\/?p=13065","title":{"rendered":"TRANSPORTE P\u00daBLICO DEFICIENTE"},"content":{"rendered":"\n<p><\/p>\n\n\n\n<p>-Pero usuarios no quieren pagar por un mejor servicio<\/p>\n\n\n\n<p>-En Laredo, el servicio es de primera y los precios, tambi\u00e9n<\/p>\n\n\n\n<p>-AMLO quiere ser el polic\u00eda del mundo<\/p>\n\n\n\n<p>Tiempo de opinar<\/p>\n\n\n\n<p>Ra\u00fal Hern\u00e1ndez Moreno<\/p>\n\n\n\n<p>Subi\u00f3 el pasaje de los camiones urbanos de 9 a 11 pesos y muchos alzaron la voz, en se\u00f1al de protesta, por lo que consideran un mal servicio.<\/p>\n\n\n\n<p>Desde que hace m\u00e1s de 40 a\u00f1os llegamos a Nuevo Laredo, las autoridades hablan de la necesidad de modernizar el transporte, pero todo sigue igual.<\/p>\n\n\n\n<p>Ahora bien, la tarifa de 9 pesos estaba vigente desde hace unos 10 a\u00f1os y en ese tiempo la inflaci\u00f3n ha crecido de manera exponencial, desde camiones, refacciones, salarios, gasolina, cuotas patronales, etc.<\/p>\n\n\n\n<p>Tenemos mal servicio, pero la gente no quiere pagar por usar unidades nuevas y climatizadas. Encima el estado f\u00edsico de las calles da\u00f1a las unidades. Hay choferes del servicio de plataforma que no aceptan viajes a colonias del poniente porque se da\u00f1a la suspensi\u00f3n de sus unidades.<\/p>\n\n\n\n<p>Quien ha viajado a otras ciudades y a otros pa\u00edses, sabe que usar un transporte de primera es caro. El que no quiera gastar, que busque otras alternativas, desde comprar su propio veh\u00edculo, que puede ser carro, moto, bicicleta, patineta o que camine.<\/p>\n\n\n\n<p>En Laredo, Texas, las unidades del transporte son de primera, pero el costo del pasaje tambi\u00e9n es de primera.<\/p>\n\n\n\n<p>En otro tema, el presidente L\u00f3pez Obrador est\u00e1 tan molesto porque Estados Unidos no le aviso sobre la detenci\u00f3n de Ismael Zambada, que acaba de comentar&nbsp;&nbsp; que ha escuchado decir que Estados Unidos podr\u00eda venir a M\u00e9xico a secuestrar a presuntos delincuentes y entonces M\u00e9xico podr\u00eda hacer lo mismo.<\/p>\n\n\n\n<p>En M\u00e9xico se tiene dificultades para identificar y detener a los presuntos delincuentes y si eso pasa aqu\u00ed, es infantil que pueda identificar e ir a secuestrar a presuntos delincuentes en los Estados Unidos. Ni siquiera sabe qui\u00e9nes son y el d\u00eda que los polic\u00edas mexicanos los identifiquen, los van a hacer sus cuates, a cambio de dinero.<\/p>\n\n\n\n<p>En el ocaso de su sexenio, AMLO sigue siendo el buf\u00f3n de siempre. Ahora quiere ser polic\u00eda del mundo. Pero un polic\u00eda aliado de los dictadores.&nbsp; El que protesta por el triunfo de los gobiernos de derecha de Argentina, Per\u00fa y Ecuador y en cambio defiende las dictaduras de Cuba, Nicaragua, Venezuela y justifica el genocidio de Rusia en Ucrania.<\/p>\n\n\n\n<p>Cuando el gobierno de Ecuador entr\u00f3 en la embajada de M\u00e9xico en Quito y arrest\u00f3 al ex vicepresidente Jorge Glas, declarado culpable de soborno y corrupci\u00f3n, un delincuente pues, AMLO puso en el grito en el cielo y hubo fan\u00e1ticos chairos a favor de declararle la guerra a ese pa\u00eds, pero no pas\u00f3 nada, porque la comunidad internacional lo dej\u00f3 solo.<\/p>\n\n\n\n<p>Es el mismo AMLO que suplica a los Estados Unidos poner fin al bloqueo comercial a Cuba, pero en cambio calla ante la feroz dictadura que tiene hundido en la miseria al pueblo cubano. Solo una minor\u00eda, militares, polic\u00edas y pol\u00edticos, se beneficia de la dictadura y viven como capitalistas en una sociedad socialista.<\/p>\n\n\n\n<p>Cuando en 1980 la dictadura cubana abri\u00f3 las puertas y permiti\u00f3 que los cubanos salieran de su pa\u00eds, m\u00e1s de 125 mil lo hicieron.<\/p>\n\n\n\n<p>A la dictadura cubana la admira la izquierda mexicana, pero desde lejos. Nadie quiere irse a vivir all\u00e1. En el sexenio de Luis Echeverr\u00eda varias decenas de guerrilleros mexicanos que fueron liberados de las c\u00e1rceles mexicanas, mediante secuestros, pidieron ser llevados a Cuba, convencidos de que all\u00e1 las autoridades los iban a tratar como reyes y en realidad los trataron como reclusos y al lugar donde iban, los segu\u00edan los polic\u00edas cubanos.&nbsp;<\/p>\n","protected":false},"excerpt":{"rendered":"<p>-Pero usuarios no quieren pagar por un mejor servicio -En Laredo, el servicio es de primera y los precios, tambi\u00e9n -AMLO quiere ser el polic\u00eda del mundo Tiempo de opinar &hellip; <a href=\"http:\/\/revistalaneta.com.mx\/?p=13065\" class=\"more-link\">Leer m\u00e1s<\/a><\/p>\n","protected":false},"author":1,"featured_media":13064,"comment_status":"open","ping_status":"open","sticky":false,"template":"","format":"standard","meta":{"footnotes":""},"categories":[2],"tags":[],"class_list":["post-13065","post","type-post","status-publish","format-standard","has-post-thumbnail","hentry","category-chismorreo","entry"],"_links":{"self":[{"href":"http:\/\/revistalaneta.com.mx\/index.php?rest_route=\/wp\/v2\/posts\/13065","targetHints":{"allow":["GET"]}}],"collection":[{"href":"http:\/\/revistalaneta.com.mx\/index.php?rest_route=\/wp\/v2\/posts"}],"about":[{"href":"http:\/\/revistalaneta.com.mx\/index.php?rest_route=\/wp\/v2\/types\/post"}],"author":[{"embeddable":true,"href":"http:\/\/revistalaneta.com.mx\/index.php?rest_route=\/wp\/v2\/users\/1"}],"replies":[{"embeddable":true,"href":"http:\/\/revistalaneta.com.mx\/index.php?rest_route=%2Fwp%2Fv2%2Fcomments&post=13065"}],"version-history":[{"count":1,"href":"http:\/\/revistalaneta.com.mx\/index.php?rest_route=\/wp\/v2\/posts\/13065\/revisions"}],"predecessor-version":[{"id":13066,"href":"http:\/\/revistalaneta.com.mx\/index.php?rest_route=\/wp\/v2\/posts\/13065\/revisions\/13066"}],"wp:featuredmedia":[{"embeddable":true,"href":"http:\/\/revistalaneta.com.mx\/index.php?rest_route=\/wp\/v2\/media\/13064"}],"wp:attachment":[{"href":"http:\/\/revistalaneta.com.mx\/index.php?rest_route=%2Fwp%2Fv2%2Fmedia&parent=13065"}],"wp:term":[{"taxonomy":"category","embeddable":true,"href":"http:\/\/revistalaneta.com.mx\/index.php?rest_route=%2Fwp%2Fv2%2Fcategories&post=13065"},{"taxonomy":"post_tag","embeddable":true,"href":"http:\/\/revistalaneta.com.mx\/index.php?rest_route=%2Fwp%2Fv2%2Ftags&post=13065"}],"curies":[{"name":"wp","href":"https:\/\/api.w.org\/{rel}","templated":true}]}}