{"id":13110,"date":"2024-08-07T13:58:56","date_gmt":"2024-08-07T13:58:56","guid":{"rendered":"http:\/\/revistalaneta.com.mx\/?p=13110"},"modified":"2024-08-07T13:59:23","modified_gmt":"2024-08-07T13:59:23","slug":"reestructuraran-secretaria-municipal","status":"publish","type":"post","link":"http:\/\/revistalaneta.com.mx\/?p=13110","title":{"rendered":"REESTRUCTURAR\u00c1N SECRETAR\u00cdA MUNICIPAL"},"content":{"rendered":"\n<p><br>Habr\u00e1 una reestructuraci\u00f3n en la Secretar\u00eda de Servicios P\u00fablicos Primarios del Gobierno Municipal de Nuevo Laredo. Esto ha sido dado a conocer por Even Arredondo Bravo, titular de la mencionada secretar\u00eda quien indic\u00f3 que por instrucciones de la alcaldesa Carmen Lilia Canturosas Villarreal, las coordinaciones de bacheo y alumbrado p\u00fablico, se convertir\u00e1n ahora en direcciones, y se les asignar\u00e1 m\u00e1s personal, considerando que son las \u00e1reas que abarcan el 80 por ciento de las peticiones de atenci\u00f3n de la ciudadan\u00eda. Asimismo, se crear\u00e1 una nueva direcci\u00f3n que se encargar\u00e1 del mantenimiento de las redes de drenaje pluvial, esto luego de que el propio gobierno municipal ha invertido mucho en la restauraci\u00f3n de dichas redes. Bueno, habr\u00e1 que ver quien queda al frente de esta nueva \u00e1rea municipal.<br>\u00a0<br>EXPEDIR\u00c1N CERTIFICADOS M\u00c9DICOS GRATIS<br>Por segundo a\u00f1o consecutivo el Gobierno Municipal de Nuevo Laredo, a trav\u00e9s de la Secretar\u00eda de Bienestar Social, expedir\u00e1 de manera gratuita certificados m\u00e9dicos para estudiantes que requieran de dicho documento, a petici\u00f3n de las escuelas donde van a ingresar a partir del pr\u00f3ximo ciclo escolar. La alcaldesa Carmen Lilia Canturosas Villarreal dio a conocer sobre lo anterior en conferencia de prensa de Nuevo Laredo Comunica, y donde dijo que ser\u00e1 a trav\u00e9s de las nueve Cl\u00ednicas UNE que se expedir\u00e1n los referidos certificados, totalmente gratis, y solo se requiere que acudan los solicitantes con la informaci\u00f3n de su tipo de sangre. Con esto se estar\u00e1n ahorrando entre 500 y mil pesos que es lo que cuestan dichos documentos en cl\u00ednicas privadas.<br>\u00a0<br>REALIZAR\u00c1N \u201cEXPO REGRESO A CLASES\u201d<br>Bajo el objetivo de que se ofrezcan a los ciudadanos art\u00edculos escolares a bajo precio, el Gobierno Municipal de Nuevo Laredo organizar\u00e1, en coordinaci\u00f3n con la C\u00e1mara Nacional de Comercio (CANACO) una \u201cExpo Regreso a Clases\u201d, a celebrarse los d\u00edas jueves 22 y viernes 23 de agosto en el Centro C\u00edvico \u201cLic. Carlos Cant\u00fa Rosas\u201d, en horario de nueve de la ma\u00f1ana a siete de la tarde. Se espera la participaci\u00f3n de alrededor de 50 establecimientos comerciales, entre papeler\u00edas, mercer\u00edas, zapater\u00edas, tiendas de uniformes y otras que ofrecen art\u00edculos escolares, y que estar\u00e1n ofreciendo variados descuentos, que sin duda ser\u00e1n un alivio para la econom\u00eda de quienes asistan a tal evento.<br>\u00a0<br>POLIC\u00cdA DE COLOMBIA ADIESTRA A GUARDIA ESTATAL<br>Un total de 29 integrantes de la Guardia Estatal de Tamaulipas, dieron inicio al Diplomado de An\u00e1lisis y Procesamiento del Lugar de los Hechos, el cual les es impartido por representantes de la Polic\u00eda Nacional de Colombia. Ser\u00e1 por espacio de dos semanas que los elementos estatales abordar\u00e1n temas relacionados con el marco legal desde su \u00e1mbito constitucional, pasando por su \u00e1mbito legal y procedimental: manejo y recolecci\u00f3n de elementos materiales probatorios; evidencia f\u00edsica; indicios; inspecci\u00f3n t\u00e9cnica cad\u00e1ver; fotograf\u00eda forense y bosquejos tipogr\u00e1ficos, mismos que les ser\u00e1n expuestos por los intendentes de la Polic\u00eda Nacional de Colombia, C\u00e9sar Augusto Barrera Le\u00f3n y Juan Meneses Chac\u00f3n. Cabe indicar que dicha capacitaci\u00f3n internacional es una clara muestra del compromiso de profesionalizaci\u00f3n permanente de la Guardia Estatal implementada por el titular de la SSPT, Sergio Hernando Ch\u00e1vez Garc\u00eda bajo instrucciones del gobernador, Am\u00e9rico Villarreal Anaya, y bajo el objetivo de contar con fuerzas de seguridad capacitadas para lograr la transformaci\u00f3n en dicho \u00e1mbito.<br>\u00a0<br>REVISAR\u00c1N CUENTAS P\u00daBLICAS DEL ITCA<br>Ante un probable caso de corrupci\u00f3n en el Instituto Tamaulipeco de Cultura y las Artes (ITCA), el Congreso del Estado planea revisar a fondo las cuentas p\u00fablicas de la recientemente destituida como directora de dicho organismo, Brenda Denisse de la Cruz L\u00f3pez. Fue la propia presidenta del Congreso del Estado, \u00darsula Salazar Mojica, quien indic\u00f3 que se auditar\u00e1n los estados financieros del ITCA, ante presuntos abusos en el manejo de los mismos. Cabe indicar que apenas el domingo se anunci\u00f3 la salida de Brenda Denisse al frente del ITCA, y dada la situaci\u00f3n, es claro que ser\u00eda por presuntas irregularidades cometidas, de ah\u00ed que se haya designado una encargada del despacho, en tanto se designa nuevo titular.<\/p>\n\n\n\n<p>SIGUEN LAS BRONCAS EN EL PRI DE TAMAULIPAS<br \/>No cesan los problemas al interior del Partido Revolucionario Institucional de Tamaulipas, y lo nuevo es que el edificio que dicho instituto pol\u00edtico tiene en la capital del estado, podr\u00eda ser embargado para cubrir los gastos de las indemnizaciones que reclaman ex trabajadores del tricolor que fueron despedidos por la actual dirigente estatal, Mercedes del Carmen Guill\u00e9n Vicente. Y es que a ra\u00edz de dichos despidos, que los trabajadores calificaron de injustificados, se vinieron una serie de demandas en contra del PRI de Tamaulipas, que ahora Paloma Guill\u00e9n ya no haya la puerta, pues pueden quedarse sin oficinas en el enorme edificio que por a\u00f1os han ocupado en Ciudad Victoria, y todo por hacer las cosas sin pensar, por revanchismos, por tonter\u00edas. Pero bueno la propia Paloma tiene la soluci\u00f3n a los problemas econ\u00f3micos del PRI, y esto es que con el sueldo y prerrogativas que va a recibir como diputada local, pague lo que tenga que pagar, y que ella mismo provoc\u00f3. As\u00ed de f\u00e1cil, que no le haga al maje.<\/p>\n\n\n\n<p>ABRE UAT PROCESO DE INSCRIPCI\u00d3N<br \/>Ya est\u00e1 abierto en la Universidad Aut\u00f3noma de Tamaulipas (UAT) el per\u00edodo de inscripciones y reinscripciones para el ciclo escolar de oto\u00f1o 2024, el cual se mantendr\u00e1 hasta el pr\u00f3ximo 16 de agosto. A trav\u00e9s de un comunicado la UAT informa sobre lo anterior, agregando que las clases empezar\u00e1n el 19 de agosto, iniciando as\u00ed formalmente el ciclo escolar 2024-3, tambi\u00e9n denominado \u201cde oto\u00f1o\u201d, que comprende de agosto a diciembre. Cabe indicar que los resultados del proceso de admisi\u00f3n se dar\u00e1n a conocer a partir del 9 de agosto de 2024, con la publicaci\u00f3n de las listas de estudiantes aceptados para nuevo ingreso, las cuales ser\u00e1n difundidas en las p\u00e1ginas y sitios oficiales de la UAT y de sus facultades y unidades acad\u00e9micas. A la vez la UAT hace saber otra fecha importante en su calendario, que en este caso es el 14 de agosto como l\u00edmite para la solicitud de tr\u00e1mites de beca, el 15 de agosto para la correcci\u00f3n de actas y el 16 de agosto como l\u00edmite para la captura de solicitudes de revalidaci\u00f3n y convalidaci\u00f3n de estudios, as\u00ed como el \u00faltimo d\u00eda para la realizaci\u00f3n de pagos correspondientes. A la vez se notifica que el per\u00edodo para altas y bajas de materias se efectuar\u00e1 del 19 al 23 de agosto, ofreciendo al estudiantado la oportunidad de ajustar sus horarios seg\u00fan sus necesidades acad\u00e9micas.<\/p>\n\n\n\n<p>LO \u00daLTIMO<br \/>Muchas felicidades a Gilberto Mart\u00ednez Arcega, delegado del Transporte P\u00fablico del Estado en Nuevo Laredo, y quien este martes est\u00e1 cumpliendo un a\u00f1o m\u00e1s de vida. \u00a1Enhorabuena!\u2026 Falleci\u00f3 el ex comandante de Bomberos, Juan Cordero. \u00a1Descanse en paz!\u2026 Hasta en 19.30 se ofreci\u00f3 el d\u00f3lar a la venta en diversas casas de cambio de la localidad, esto luego del denominado \u201clunes negro\u201d, que afect\u00f3 a los mercados asi\u00e1ticos, y repercuti\u00f3 en todos los mercados del mundo. De hecho la diferencia de la venta con la compra de d\u00f3lares fue de 1.30 pesos, pues a la compra se mantuvo en 18 pesos por uno. As\u00ed que el peso no est\u00e1 tan fuerte, como muchos pensaban\u2026 Con una inversi\u00f3n de m\u00e1s de 36 millones de pesos, el Gobierno Municipal de Nuevo Laredo que encabeza Carmen Lilia Canturosas Villarreal, iniciar\u00e1 la cuarta etapa del programa \u201cNuevo Laredo Se Prende\u201d, con lo que se busca iluminar muchas m\u00e1s calles con l\u00e1mparas Led. Bien por ello\u2026 Hacen mucho mitote los primos de Laredo, Texas, por dos pumas merodeando una zona urbana, zona que por cierto antes era su territorio, pero el crecimiento demogr\u00e1fico les ha invadido.<\/p>\n","protected":false},"excerpt":{"rendered":"<p>Habr\u00e1 una reestructuraci\u00f3n en la Secretar\u00eda de Servicios P\u00fablicos Primarios del Gobierno Municipal de Nuevo Laredo. Esto ha sido dado a conocer por Even Arredondo Bravo, titular de la mencionada &hellip; <a href=\"http:\/\/revistalaneta.com.mx\/?p=13110\" class=\"more-link\">Leer m\u00e1s<\/a><\/p>\n","protected":false},"author":1,"featured_media":13109,"comment_status":"open","ping_status":"open","sticky":false,"template":"","format":"standard","meta":{"footnotes":""},"categories":[2],"tags":[],"class_list":["post-13110","post","type-post","status-publish","format-standard","has-post-thumbnail","hentry","category-chismorreo","entry"],"_links":{"self":[{"href":"http:\/\/revistalaneta.com.mx\/index.php?rest_route=\/wp\/v2\/posts\/13110","targetHints":{"allow":["GET"]}}],"collection":[{"href":"http:\/\/revistalaneta.com.mx\/index.php?rest_route=\/wp\/v2\/posts"}],"about":[{"href":"http:\/\/revistalaneta.com.mx\/index.php?rest_route=\/wp\/v2\/types\/post"}],"author":[{"embeddable":true,"href":"http:\/\/revistalaneta.com.mx\/index.php?rest_route=\/wp\/v2\/users\/1"}],"replies":[{"embeddable":true,"href":"http:\/\/revistalaneta.com.mx\/index.php?rest_route=%2Fwp%2Fv2%2Fcomments&post=13110"}],"version-history":[{"count":1,"href":"http:\/\/revistalaneta.com.mx\/index.php?rest_route=\/wp\/v2\/posts\/13110\/revisions"}],"predecessor-version":[{"id":13111,"href":"http:\/\/revistalaneta.com.mx\/index.php?rest_route=\/wp\/v2\/posts\/13110\/revisions\/13111"}],"wp:featuredmedia":[{"embeddable":true,"href":"http:\/\/revistalaneta.com.mx\/index.php?rest_route=\/wp\/v2\/media\/13109"}],"wp:attachment":[{"href":"http:\/\/revistalaneta.com.mx\/index.php?rest_route=%2Fwp%2Fv2%2Fmedia&parent=13110"}],"wp:term":[{"taxonomy":"category","embeddable":true,"href":"http:\/\/revistalaneta.com.mx\/index.php?rest_route=%2Fwp%2Fv2%2Fcategories&post=13110"},{"taxonomy":"post_tag","embeddable":true,"href":"http:\/\/revistalaneta.com.mx\/index.php?rest_route=%2Fwp%2Fv2%2Ftags&post=13110"}],"curies":[{"name":"wp","href":"https:\/\/api.w.org\/{rel}","templated":true}]}}