{"id":13116,"date":"2024-08-07T18:08:47","date_gmt":"2024-08-07T18:08:47","guid":{"rendered":"http:\/\/revistalaneta.com.mx\/?p=13116"},"modified":"2024-08-07T18:09:19","modified_gmt":"2024-08-07T18:09:19","slug":"presenta-americo-proyectos-a-claudia-sheinbaum","status":"publish","type":"post","link":"http:\/\/revistalaneta.com.mx\/?p=13116","title":{"rendered":"PRESENTA AM\u00c9RICO PROYECTOS A CLAUDIA SHEINBAUM"},"content":{"rendered":"\n<p><br>En reuni\u00f3n de trabajo con la pr\u00f3xima presidenta de M\u00e9xico, Claudia Sheinbaum Pardo, el gobernador de Tamaulipas, Am\u00e9rico Villarreal Anaya, present\u00f3 los proyectos estrat\u00e9gicos que sentar\u00e1n las bases para fortalecer y modernizar a Tamaulipas en los siguientes a\u00f1os, y enfocados principalmente en el suministro de agua potable y del sistema carretero. En dicha reuni\u00f3n celebrada en la capital del pa\u00eds, y donde tambi\u00e9n estuvieron integrantes del pr\u00f3ximo gabinete federal, Am\u00e9rico Villarreal Anaya, destac\u00f3 la trascendencia de los proyectos tamaulipecos, que asegur\u00f3 habr\u00e1n de generar empleos y prosperidad para los tamaulipecos. Cabe indicar que en dicha reuni\u00f3n tambi\u00e9n tomaron parte los gobernadores de Aguascalientes, Coahuila, Durango, Nuevo Le\u00f3n, San Luis Potos\u00ed, Zacatecas y la gobernadora electa de Veracruz, y donde la presidenta electa hizo \u00e9nfasis en que, a partir del pr\u00f3ximo primero de octubre, trabajar\u00e1 junto a los mandatarios del pa\u00eds, apoyando los proyectos sin distinciones partidistas, y aseverando que, por lo menos, se respaldar\u00e1 al menos uno de los proyectos que le han presentado, mostrando particular inter\u00e9s en el tema del agua. De esta manera nuestro gobernador sigue trabajando en beneficio de los tamaulipecos.<\/p>\n\n\n\n<p>HAY NUEVO TITULAR DEL INJUVE TAMAULIPAS<br \/>Hay nuevo director del Instituto de la Juventud (INJUVE) en Tamaulipas, y este es Oscar Azael Rodr\u00edguez Perales, quien recibi\u00f3 el nombramiento de parte del tambi\u00e9n recientemente nombrado secretario del Trabajo y Previsi\u00f3n Social, Tamaulipas, Luis Gerardo Illoldi Reyes. Y claro que muchos se preguntar\u00e1n \u00bfqu\u00e9 carajos tiene que ver la Secretar\u00eda del Trabajo con el INJUVE?, pues resulta que dicho instituto depende de la referida secretar\u00eda, por muy extra\u00f1o que eso parezca. Bueno, el caso es que Gerardo Illoldi, exhort\u00f3 a Rodr\u00edguez Perales trabajar en beneficio de este importante sector de la sociedad, destacando que para el Gobierno de Tamaulipas a cargo del doctor Am\u00e9rico Villarreal Anaya, los j\u00f3venes son una prioridad y a la vez son escuchados como nunca antes. Sea pues.<\/p>\n\n\n\n<p>VAN 471 MIL VEH\u00cdCULOS NACIONALIZADOS EN TAMAULIPAS<br \/>Ya suman 471 mil veh\u00edculos los nacionalizados en Tamaulipas, esto mediante el decreto presidencial autorizado para tal efecto. Esto lo dio a conocer la secretaria de Finanzas del Estado, Adriana Lozano Rodr\u00edguez. Cabe indicar que oficialmente el 30 de septiembre vence el plazo para la legalizaci\u00f3n de unidades motrices extranjeras, aunque ahora se habla que es probable que dicho decreto se mantenga en la pr\u00f3xima administraci\u00f3n federal, por lo que habr\u00e1 que esperar a ver que dice al respecto Claudia Sheinbaum.<\/p>\n\n\n\n<p>LA UAT SIGUE CERTIFICANDO PROFESIONISTAS<br \/>Con certificaciones y conocimientos avanzados, es como la Universidad Aut\u00f3noma de Tamaulipas (UAT) prepara a los futuros ingenieros, mejorando as\u00ed sus competencias y competitividad en el \u00e1mbito laboral. Dichos cursos de momento van dirigidos a estudiantes de la carrera de Ingenier\u00eda Qu\u00edmica de la Unidad Acad\u00e9mica Multidisciplinaria Reynosa Aztl\u00e1n, cuyos programas son avalados por empresas e instituciones de car\u00e1cter internacional. Entre dichos cursos destaca el de Certificaci\u00f3n Six Sigma Green Belt, un programa esencial para los ingenieros, el cual garantiza que los estudiantes adquieran habilidades en la optimizaci\u00f3n de procesos industriales, minimizaci\u00f3n de costos de producci\u00f3n y reducci\u00f3n de ciclos de trabajo. De esta manera en la UAT se reafirma el compromiso con la excelencia acad\u00e9mica y la preparaci\u00f3n de sus estudiantes para enfrentar los retos del mercado laboral.<\/p>\n\n\n\n<p>M\u00c1S OBRAS DE MEJORAMIENTO DE CALLES<br \/>Tres proyectos de recarpeteo y uno de repavimentaci\u00f3n, fueron autorizados por el Cabildo de Nuevo Laredo en la sesi\u00f3n de este martes, en beneficio de habitantes de las colonias las colonias Hip\u00f3dromo, Buenos Aires, Valles de An\u00e1huac y Ju\u00e1rez. Dichas obras ser\u00e1n ejercidas con recursos del Programa Federal Ramo 23, y al respecto la alcaldesa Carmen Lilia Canturosas Villarreal dio a conocer que se obtuvo un recurso de 3 millones 923 mil, 572 pesos con 50 centavos proveniente del Programa de Regularizaci\u00f3n de Veh\u00edculos Usados de Procedencia Extranjera del per\u00edodo enero a marzo del 2024, que es lo que se aplicar\u00e1 en dichos proyectos. Cabe indicar que dicho recurso se suma a los 131 millones de pesos recaudados entre 2022 y 2023, con los que se han llevado a cabo 30 obras de infraestructura vial dentro de lo recaudado por la legalizaci\u00f3n de unidades motrices.<\/p>\n\n\n\n<p>LAS BRONCAS DE SIEMPRE CON LA AUTOPISTA<br \/>El m\u00e1s reciente accidente registrado en la autopista Nuevo Laredo-Monterrey el pasado domingo, que bloque\u00f3 nuevamente el paso sobre dicha v\u00eda, afectando en demas\u00eda a quienes pagan por supuestamente llegar m\u00e1s r\u00e1pido a la Sultana del Norte, es una muestra m\u00e1s de que algo se tiene que hacer con dicho camino, ya sea ampli\u00e1ndolo, o en su caso bajando el costo, pues los usuarios no merecen pagar tanto por tan deficiente servicio. Y que no salgan los concesionarios de la autopista con que no es su culpa, porque s\u00ed lo es, al no dejar espacios alternos para que las unidades puedan circular ante tales circunstancias, todo en su af\u00e1n de que nadie \u201cse les cuele de a grapa\u201d. Es por eso, y muchas cosas m\u00e1s, que ya no es costeable utilizar la autopista. Es mejor irse por la carretera libre.<\/p>\n\n\n\n<p>ADIVINANZA<br \/>\u00bfQui\u00e9n es el funcionario municipal del Gobierno Municipal de Nuevo Laredo al que le apodan \u201cLa Asistencia Perfecta\u201d?, por aquello de que el lunes vino, el martes vino, el mi\u00e9rcoles vino\u2026. Jejejeje.<\/p>\n\n\n\n<p>LO \u00daLTIMO<br \/>Muchas felicidades al Rector de la UAT, D\u00e1maso Anaya Alvarado, quien este mi\u00e9rcoles est\u00e1 cumpliendo un a\u00f1o m\u00e1s de vida, y quien por cierto recientemente ha sido designado como el cuarto mejor rector de universidades p\u00fablicas del pa\u00eds. \u00a1Doble celebraci\u00f3n!\u2026 Siguen las quejas de los fronterizos para cruzar de Laredo a Nuevo Laredo por el puente uno, donde la revisi\u00f3n es \u201cde a webo\u201d. Y es que ya la hacen muy cansada los vigilantes de la aduana mexicana, con sus revisiones y preguntas necias. Como si no supieran donde est\u00e1n los verdaderos contrabandistas\u2026 Durante el reciente concluido mes de julio se registraron en Tamaulipas 2 mil 796 nuevos empleados registrados ante el Instituto Mexicano del Seguro Social (IMSS). Esto es consecuencia de la instalaci\u00f3n de nuevas empresas en la entidad, por el apoyo que brinda al respecto el gobierno de Am\u00e9rico Villarreal Anaya.<\/p>\n","protected":false},"excerpt":{"rendered":"<p>En reuni\u00f3n de trabajo con la pr\u00f3xima presidenta de M\u00e9xico, Claudia Sheinbaum Pardo, el gobernador de Tamaulipas, Am\u00e9rico Villarreal Anaya, present\u00f3 los proyectos estrat\u00e9gicos que sentar\u00e1n las bases para fortalecer &hellip; <a href=\"http:\/\/revistalaneta.com.mx\/?p=13116\" class=\"more-link\">Leer m\u00e1s<\/a><\/p>\n","protected":false},"author":1,"featured_media":13115,"comment_status":"open","ping_status":"open","sticky":false,"template":"","format":"standard","meta":{"footnotes":""},"categories":[2,3],"tags":[],"class_list":["post-13116","post","type-post","status-publish","format-standard","has-post-thumbnail","hentry","category-chismorreo","category-opinion","entry"],"_links":{"self":[{"href":"http:\/\/revistalaneta.com.mx\/index.php?rest_route=\/wp\/v2\/posts\/13116","targetHints":{"allow":["GET"]}}],"collection":[{"href":"http:\/\/revistalaneta.com.mx\/index.php?rest_route=\/wp\/v2\/posts"}],"about":[{"href":"http:\/\/revistalaneta.com.mx\/index.php?rest_route=\/wp\/v2\/types\/post"}],"author":[{"embeddable":true,"href":"http:\/\/revistalaneta.com.mx\/index.php?rest_route=\/wp\/v2\/users\/1"}],"replies":[{"embeddable":true,"href":"http:\/\/revistalaneta.com.mx\/index.php?rest_route=%2Fwp%2Fv2%2Fcomments&post=13116"}],"version-history":[{"count":1,"href":"http:\/\/revistalaneta.com.mx\/index.php?rest_route=\/wp\/v2\/posts\/13116\/revisions"}],"predecessor-version":[{"id":13117,"href":"http:\/\/revistalaneta.com.mx\/index.php?rest_route=\/wp\/v2\/posts\/13116\/revisions\/13117"}],"wp:featuredmedia":[{"embeddable":true,"href":"http:\/\/revistalaneta.com.mx\/index.php?rest_route=\/wp\/v2\/media\/13115"}],"wp:attachment":[{"href":"http:\/\/revistalaneta.com.mx\/index.php?rest_route=%2Fwp%2Fv2%2Fmedia&parent=13116"}],"wp:term":[{"taxonomy":"category","embeddable":true,"href":"http:\/\/revistalaneta.com.mx\/index.php?rest_route=%2Fwp%2Fv2%2Fcategories&post=13116"},{"taxonomy":"post_tag","embeddable":true,"href":"http:\/\/revistalaneta.com.mx\/index.php?rest_route=%2Fwp%2Fv2%2Ftags&post=13116"}],"curies":[{"name":"wp","href":"https:\/\/api.w.org\/{rel}","templated":true}]}}