{"id":13158,"date":"2024-08-09T14:39:58","date_gmt":"2024-08-09T14:39:58","guid":{"rendered":"http:\/\/revistalaneta.com.mx\/?p=13158"},"modified":"2024-08-09T14:40:13","modified_gmt":"2024-08-09T14:40:13","slug":"validan-triunfo-de-morena-en-distritos-2-y-3","status":"publish","type":"post","link":"http:\/\/revistalaneta.com.mx\/?p=13158","title":{"rendered":"VALIDAN TRIUNFO DE MORENA EN DISTRITOS 2 Y 3"},"content":{"rendered":"\n<p><\/p>\n\n\n\n<p>-IETAM ya puede decidir distribuci\u00f3n de pluris<\/p>\n\n\n\n<p>-Gobernador anuncia apoyo a sorgueros<\/p>\n\n\n\n<p>-Empleo en tu colonia oferta 500 plazas<\/p>\n\n\n\n<p>Tiempo de opinar<\/p>\n\n\n\n<p>Ra\u00fal Hern\u00e1ndez Moreno<\/p>\n\n\n\n<p>En una larga sesi\u00f3n que dur\u00f3 dos horas, el Tribunal Estatal Electoral ratific\u00f3 el triunfo de los candidatos de Morena-PT-Verde, en los distritos 2 y 3 de Nuevo Laredo y del PAN en el distrito 22, de Tampico.<\/p>\n\n\n\n<p>De esta manera la alianza Morena-PT-Verde gan\u00f3 21 distritos y el PAN 1. Con la resoluci\u00f3n el IETAM ya est\u00e1 en condiciones de realizar la distribuci\u00f3n de las 14 diputaciones de representaci\u00f3n proporcional.<\/p>\n\n\n\n<p>De las 36 curules, Morena y sus aliados se quedar\u00edan con 29, el PAN con 5 y una para el PRI y el MC, pero todo esto lo definir\u00e1 el IETAM y la legislatura tomar\u00e1 posesi\u00f3n el 1 de octubre.<\/p>\n\n\n\n<p>Los partidos inconformes est\u00e1n en su derecho de recurrir a la Sala Regional del Tribunal Federal Electoral, como seguramente lo har\u00e1n. Y luego pueden recurrir a la Sala Superior, este es un tema de paciencia y de esperar los turnos. Todo quedar\u00e1 definitivo hasta el 30 de septiembre.<\/p>\n\n\n\n<p>Por otra parte, el programa \u201cEmpleo en tu Colonia\u201d, se realiz\u00f3 en la colonia Reservas Territoriales, con la participaci\u00f3n de 15 empresas que en conjunto ofertaron m\u00e1s de 500 vacantes.<\/p>\n\n\n\n<p>El evento se realiz\u00f3 en las canchas deportivas de la colonia y participaron maquiladoras, tiendas de autoservicio, agencias aduanales, empresas transportistas, comercio en general.<\/p>\n\n\n\n<p>Anah\u00ed Vera, vecina del sector dijo que el programa \u201cEst\u00e1 muy bien porque hay muchas personas que buscamos empleo y es una excelente opci\u00f3n para nosotros, que bueno que es aqu\u00ed porque nosotros no tenemos carro, nos movemos en el cami\u00f3n, est\u00e1 muy bien este programa, muchas gracias por esta incre\u00edble oportunidad\u201d.<\/p>\n\n\n\n<p>Y efectivamente, lo que este programa es acercar a las personas que buscan empleo con las empresas, que se pongan de acuerdo y que esto se traduzca en nuevas fuentes de empleo.<\/p>\n\n\n\n<p>Durante esta edici\u00f3n de Empleo en tu Colonia estuvieron participando empresas Acrelec Aires Acondicionados, Pepsico, Flensa, Emerson, Dicex, Bodega Aurrera, INNSA, entre otras.<\/p>\n\n\n\n<p>En otro tema, el gobernador Am\u00e9rico Villarreal Anaya se reuni\u00f3 con<\/p>\n\n\n\n<p>representantes de los productores de sorgo y se comprometi\u00f3 a continuar la gesti\u00f3n de recursos ante el gobierno federal para apoyarlos.<\/p>\n\n\n\n<p>Adicionalmente, les dio a conocer que el gobierno del estado tambi\u00e9n los apoyar\u00e1 y el pr\u00f3ximo lunes se precisar\u00e1 el monto con el que se les va a ayudar,<\/p>\n\n\n\n<p>Destac\u00f3 el mandatario que el apoyo federal no se ha entregado por raz\u00f3n de fin de la administraci\u00f3n federal, pero si se va a liberar.<\/p>\n\n\n\n<p>Villarreal Anaya hizo un llamado a los funcionarios federales a tomar en cuenta<\/p>\n\n\n\n<p>que Tamaulipas es el principal productor de sorgo en el pa\u00eds y que este cultivo<\/p>\n\n\n\n<p>debe ser considerado un bien estrat\u00e9gico del Estado.<\/p>\n\n\n\n<p>Agreg\u00f3 que, con base en una evaluaci\u00f3n presupuestal a las finanzas del Gobierno<\/p>\n\n\n\n<p>del Estado, el pr\u00f3ximo lunes anunciar\u00e1 un apoyo adicional para participar en la<\/p>\n\n\n\n<p>soluci\u00f3n de esta problem\u00e1tica.<\/p>\n\n\n\n<p>En la reuni\u00f3n, el gobernador, acompa\u00f1ado por el secretario de Desarrollo Rural,<\/p>\n\n\n\n<p>Antonio Varela Flores, plante\u00f3 una serie de propuestas que permitir\u00e1n dar valor<\/p>\n\n\n\n<p>agregado a la producci\u00f3n de sorgo, buscar nuevas \u00e1reas de oportunidad y evitar<\/p>\n\n\n\n<p>esta problem\u00e1tica cada ciclo agr\u00edcola.<\/p>\n\n\n\n<p>As\u00ed, expuso planes para fomentar la exportaci\u00f3n a pa\u00edses asi\u00e1ticos, evaluar la<\/p>\n\n\n\n<p>adquisici\u00f3n de bodegas por parte del estado, integrar cooperativas de productores,<\/p>\n\n\n\n<p>trabajar de manera conjunta en la cobertura de cartera vencida para lograr<\/p>\n\n\n\n<p>mejores cr\u00e9ditos y menores tasas de financiamiento, nixtamalizar el sorgo, e<\/p>\n\n\n\n<p>instalar una planta de productos balanceados.<\/p>\n","protected":false},"excerpt":{"rendered":"<p>-IETAM ya puede decidir distribuci\u00f3n de pluris -Gobernador anuncia apoyo a sorgueros -Empleo en tu colonia oferta 500 plazas Tiempo de opinar Ra\u00fal Hern\u00e1ndez Moreno En una larga sesi\u00f3n que &hellip; <a href=\"http:\/\/revistalaneta.com.mx\/?p=13158\" class=\"more-link\">Leer m\u00e1s<\/a><\/p>\n","protected":false},"author":1,"featured_media":13157,"comment_status":"open","ping_status":"open","sticky":false,"template":"","format":"standard","meta":{"footnotes":""},"categories":[2],"tags":[],"class_list":["post-13158","post","type-post","status-publish","format-standard","has-post-thumbnail","hentry","category-chismorreo","entry"],"_links":{"self":[{"href":"http:\/\/revistalaneta.com.mx\/index.php?rest_route=\/wp\/v2\/posts\/13158","targetHints":{"allow":["GET"]}}],"collection":[{"href":"http:\/\/revistalaneta.com.mx\/index.php?rest_route=\/wp\/v2\/posts"}],"about":[{"href":"http:\/\/revistalaneta.com.mx\/index.php?rest_route=\/wp\/v2\/types\/post"}],"author":[{"embeddable":true,"href":"http:\/\/revistalaneta.com.mx\/index.php?rest_route=\/wp\/v2\/users\/1"}],"replies":[{"embeddable":true,"href":"http:\/\/revistalaneta.com.mx\/index.php?rest_route=%2Fwp%2Fv2%2Fcomments&post=13158"}],"version-history":[{"count":1,"href":"http:\/\/revistalaneta.com.mx\/index.php?rest_route=\/wp\/v2\/posts\/13158\/revisions"}],"predecessor-version":[{"id":13159,"href":"http:\/\/revistalaneta.com.mx\/index.php?rest_route=\/wp\/v2\/posts\/13158\/revisions\/13159"}],"wp:featuredmedia":[{"embeddable":true,"href":"http:\/\/revistalaneta.com.mx\/index.php?rest_route=\/wp\/v2\/media\/13157"}],"wp:attachment":[{"href":"http:\/\/revistalaneta.com.mx\/index.php?rest_route=%2Fwp%2Fv2%2Fmedia&parent=13158"}],"wp:term":[{"taxonomy":"category","embeddable":true,"href":"http:\/\/revistalaneta.com.mx\/index.php?rest_route=%2Fwp%2Fv2%2Fcategories&post=13158"},{"taxonomy":"post_tag","embeddable":true,"href":"http:\/\/revistalaneta.com.mx\/index.php?rest_route=%2Fwp%2Fv2%2Ftags&post=13158"}],"curies":[{"name":"wp","href":"https:\/\/api.w.org\/{rel}","templated":true}]}}