{"id":13164,"date":"2024-08-16T03:08:27","date_gmt":"2024-08-16T03:08:27","guid":{"rendered":"http:\/\/revistalaneta.com.mx\/?p=13164"},"modified":"2024-08-16T03:08:41","modified_gmt":"2024-08-16T03:08:41","slug":"viven-jovenes-neolaredenses-quinta-edicion-de-lacon-nld","status":"publish","type":"post","link":"http:\/\/revistalaneta.com.mx\/?p=13164","title":{"rendered":"Viven j\u00f3venes neolaredenses quinta edici\u00f3n de &#8220;LaCon NLD&#8221;"},"content":{"rendered":"\n<p><\/p>\n\n\n\n<p>Nuevo Laredo, Tamps.- El Gobierno Municipal, a trav\u00e9s del Instituto Municipal para el Desarrollo de la Juventud (IMJUVE), realiz\u00f3 la quinta edici\u00f3n de &#8220;LaCon NLD!&#8221;, en la que asistieron m\u00e1s de mil 100 neolaredenses.<\/p>\n\n\n\n<p>En esta edici\u00f3n, los invitados estrella fueron Ana Lobo y Pepe Vilchis, actores de doblaje mexicanos que brindaron un espect\u00e1culo a los asistentes.<\/p>\n\n\n\n<p>La alcaldesa Carmen Lilia Canturosas Villarreal, indic\u00f3 que este evento se realiza dentro del marco del mes de la juventud<\/p>\n\n\n\n<p>&#8220;Estamos impulsando estos eventos para que los j\u00f3venes tengan espacios sanos, de recreaci\u00f3n, fomentar el sentido de pertenencia y fortalecer el tejido social&#8221;, se\u00f1al\u00f3.<\/p>\n\n\n\n<p>Tambi\u00e9n destac\u00f3 que se trata de un evento integral qu\u00e9 adem\u00e1s de reunir a la juventud, se apoy\u00f3 a m\u00e1s de 60 emprendedores con espacios para que ofrecer\u00e1n comida, ropa, figuras de acci\u00f3n, entre otros art\u00edculos.<\/p>\n\n\n\n<p>Por su parte, la ciudadana Viridiana Carrillo, destac\u00f3 que el evento fue animado, apto para todas las edades y con buena organizaci\u00f3n.<\/p>\n\n\n\n<p>&#8220;Siempre hay buena respuesta de la ciudadan\u00eda, son eventos a los que muchos se animan a venir y sobre todo que nos reunimos y la pasamos bien&#8221;, expres\u00f3.<\/p>\n\n\n\n<p>Mientras que Erick Samaniego P\u00e9rez, Asistente, recalc\u00f3 que este evento sirve para que la poblaci\u00f3n salga y exprese sus gustos y se genere diversidad en la sociedad.<\/p>\n\n\n\n<p>&#8220;Es la primera vez que vengo a esta convenci\u00f3n, est\u00e1 todo excelente, un gran ambiente con un buen espect\u00e1culo para los invitados y espero contin\u00fae&#8221;, manifest\u00f3.<\/p>\n\n\n\n<p>El evento tuvo lugar en el Centro C\u00edvico, donde desde las 10:00 AM hasta las 7:00 PM, los j\u00f3venes neolaredenses se reunieron para disfrutar de concursos de cosplay y k-pop, adem\u00e1s de lo que ofertaron los expositores y de presentaciones de artistas locales.<\/p>\n\n\n\n<p>Tambi\u00e9n se cont\u00f3 con un m\u00f3dulo de la Jurisdicci\u00f3n Sanitaria para detecci\u00f3n de enfermedades de transmisi\u00f3n sexual y entrega de anticonceptivos.<\/p>\n","protected":false},"excerpt":{"rendered":"<p>Nuevo Laredo, Tamps.- El Gobierno Municipal, a trav\u00e9s del Instituto Municipal para el Desarrollo de la Juventud (IMJUVE), realiz\u00f3 la quinta edici\u00f3n de &#8220;LaCon NLD!&#8221;, en la que asistieron m\u00e1s &hellip; <a href=\"http:\/\/revistalaneta.com.mx\/?p=13164\" class=\"more-link\">Leer m\u00e1s<\/a><\/p>\n","protected":false},"author":1,"featured_media":13163,"comment_status":"open","ping_status":"open","sticky":false,"template":"","format":"standard","meta":{"footnotes":""},"categories":[4],"tags":[],"class_list":["post-13164","post","type-post","status-publish","format-standard","has-post-thumbnail","hentry","category-nuevo-laredo","entry"],"_links":{"self":[{"href":"http:\/\/revistalaneta.com.mx\/index.php?rest_route=\/wp\/v2\/posts\/13164","targetHints":{"allow":["GET"]}}],"collection":[{"href":"http:\/\/revistalaneta.com.mx\/index.php?rest_route=\/wp\/v2\/posts"}],"about":[{"href":"http:\/\/revistalaneta.com.mx\/index.php?rest_route=\/wp\/v2\/types\/post"}],"author":[{"embeddable":true,"href":"http:\/\/revistalaneta.com.mx\/index.php?rest_route=\/wp\/v2\/users\/1"}],"replies":[{"embeddable":true,"href":"http:\/\/revistalaneta.com.mx\/index.php?rest_route=%2Fwp%2Fv2%2Fcomments&post=13164"}],"version-history":[{"count":1,"href":"http:\/\/revistalaneta.com.mx\/index.php?rest_route=\/wp\/v2\/posts\/13164\/revisions"}],"predecessor-version":[{"id":13165,"href":"http:\/\/revistalaneta.com.mx\/index.php?rest_route=\/wp\/v2\/posts\/13164\/revisions\/13165"}],"wp:featuredmedia":[{"embeddable":true,"href":"http:\/\/revistalaneta.com.mx\/index.php?rest_route=\/wp\/v2\/media\/13163"}],"wp:attachment":[{"href":"http:\/\/revistalaneta.com.mx\/index.php?rest_route=%2Fwp%2Fv2%2Fmedia&parent=13164"}],"wp:term":[{"taxonomy":"category","embeddable":true,"href":"http:\/\/revistalaneta.com.mx\/index.php?rest_route=%2Fwp%2Fv2%2Fcategories&post=13164"},{"taxonomy":"post_tag","embeddable":true,"href":"http:\/\/revistalaneta.com.mx\/index.php?rest_route=%2Fwp%2Fv2%2Ftags&post=13164"}],"curies":[{"name":"wp","href":"https:\/\/api.w.org\/{rel}","templated":true}]}}