{"id":13196,"date":"2024-08-16T05:16:55","date_gmt":"2024-08-16T05:16:55","guid":{"rendered":"http:\/\/revistalaneta.com.mx\/?p=13196"},"modified":"2024-08-16T05:17:11","modified_gmt":"2024-08-16T05:17:11","slug":"prepara-set-taller-intensivo-para-docentes-previo-al-regreso-a-clases","status":"publish","type":"post","link":"http:\/\/revistalaneta.com.mx\/?p=13196","title":{"rendered":"Prepara SET taller intensivo para docentes previo al regreso a clases"},"content":{"rendered":"\n<p><\/p>\n\n\n\n<ul class=\"wp-block-list\">\n<li>Antes del inicio del ciclo escolar supervisores, jefes de sectores, directivos y docentes se preparar\u00e1n para tener un arranque exitoso<\/li>\n<\/ul>\n\n\n\n<p><\/p>\n\n\n\n<p>Ciudad Victoria, Tamaulipas.\u2013 Previo al inicio del ciclo escolar 2024\u20132025, supervisores, jefes de sectores, directivos y docentes participar\u00e1n en un Taller Intensivo de Preparaci\u00f3n del regreso a clases, refiri\u00f3 Marcela Ram\u00edrez Jord\u00e1n, subsecretaria de Educaci\u00f3n B\u00e1sica de la Secretar\u00eda de Educaci\u00f3n de Tamaulipas (SET).<\/p>\n\n\n\n<p>Siguiendo las pol\u00edticas educativas del Gobierno del Estado que dirige Am\u00e9rico Villarreal Anaya, dijo que el 15 y 16 de agosto, autoridades educativas tendr\u00e1n una reuni\u00f3n virtual con los supervisores, quienes a su vez los d\u00edas 19 y 20 de agosto realizar\u00e1n los Consejos T\u00e9cnicos de Zona en donde se reunir\u00e1n con sus directores, ello para que finalmente, del 21 al 23 de agosto, se lleve a cabo en cada escuela el Taller Intensivo de Preparaci\u00f3n previo al arranque del ciclo escolar.<\/p>\n\n\n\n<p>Explic\u00f3 que durante el Taller Intensivo, los directivos y docentes formar\u00e1n el Comit\u00e9 de Planeaci\u00f3n y Evaluaci\u00f3n de cada instituci\u00f3n, cuya funci\u00f3n principal ser\u00e1 la de la formulaci\u00f3n y evaluaci\u00f3n del programa de Mejora Continua que se implementar\u00e1 durante el a\u00f1o escolar.<\/p>\n\n\n\n<p>\u201cLo que se va a hacer es fortalecer esta estrategia de trabajo, como el enfoque de la Nueva Escuela Mexicana, las metodolog\u00edas que promueven, el conocimiento de los maestros de los campos formativos. Entonces lo que vamos a hacer es fortalecer y la ventaja que tenemos este ciclo escolar es que tenemos todos los libros de texto disponibles para los ni\u00f1os y los maestros\u201d, precis\u00f3.<\/p>\n\n\n\n<p>Comparti\u00f3 que en breve se tendr\u00e1n los resultados de la prueba Tamaulipas Aprende que se aplic\u00f3 en junio pasado a estudiantes de sexto de primaria y tercero de secundaria, para conocer el nivel acad\u00e9mico en que se encuentran.<\/p>\n\n\n\n<p>\u201cEs la segunda vez que se aplica esta evaluaci\u00f3n y esperamos ante los resultados que est\u00e1n por revisarse, que de hecho se van a revisar en el taller intensivo de la semana entrante con los maestros, que los resultados est\u00e9n mejorando; obviamente vamos a fortalecer mucho el trabajo con la lengua escrita a los ni\u00f1os de primero, segundo y tercero de primaria y a empezar a trabajar con los ni\u00f1os de tercero de preescolar y vamos a desarrollar tambi\u00e9n actividades importantes en matem\u00e1ticas sobre todo en primaria y mucho el trabajo socioemocional\u201d, explic\u00f3.<\/p>\n\n\n\n<p>Indic\u00f3 adem\u00e1s que antes de finalizar el ciclo anterior, se tuvo un taller sobre habilidades socioemocionales en el que participaron supervisores, jefes de sector y directores, quienes a su vez replicar\u00e1n lo aprendido con las y los estudiantes y la planta docente.<\/p>\n","protected":false},"excerpt":{"rendered":"<p>Ciudad Victoria, Tamaulipas.\u2013 Previo al inicio del ciclo escolar 2024\u20132025, supervisores, jefes de sectores, directivos y docentes participar\u00e1n en un Taller Intensivo de Preparaci\u00f3n del regreso a clases, refiri\u00f3 Marcela &hellip; <a href=\"http:\/\/revistalaneta.com.mx\/?p=13196\" class=\"more-link\">Leer m\u00e1s<\/a><\/p>\n","protected":false},"author":1,"featured_media":13195,"comment_status":"open","ping_status":"open","sticky":false,"template":"","format":"standard","meta":{"footnotes":""},"categories":[7],"tags":[],"class_list":["post-13196","post","type-post","status-publish","format-standard","has-post-thumbnail","hentry","category-ciudad-victoria","entry"],"_links":{"self":[{"href":"http:\/\/revistalaneta.com.mx\/index.php?rest_route=\/wp\/v2\/posts\/13196","targetHints":{"allow":["GET"]}}],"collection":[{"href":"http:\/\/revistalaneta.com.mx\/index.php?rest_route=\/wp\/v2\/posts"}],"about":[{"href":"http:\/\/revistalaneta.com.mx\/index.php?rest_route=\/wp\/v2\/types\/post"}],"author":[{"embeddable":true,"href":"http:\/\/revistalaneta.com.mx\/index.php?rest_route=\/wp\/v2\/users\/1"}],"replies":[{"embeddable":true,"href":"http:\/\/revistalaneta.com.mx\/index.php?rest_route=%2Fwp%2Fv2%2Fcomments&post=13196"}],"version-history":[{"count":1,"href":"http:\/\/revistalaneta.com.mx\/index.php?rest_route=\/wp\/v2\/posts\/13196\/revisions"}],"predecessor-version":[{"id":13197,"href":"http:\/\/revistalaneta.com.mx\/index.php?rest_route=\/wp\/v2\/posts\/13196\/revisions\/13197"}],"wp:featuredmedia":[{"embeddable":true,"href":"http:\/\/revistalaneta.com.mx\/index.php?rest_route=\/wp\/v2\/media\/13195"}],"wp:attachment":[{"href":"http:\/\/revistalaneta.com.mx\/index.php?rest_route=%2Fwp%2Fv2%2Fmedia&parent=13196"}],"wp:term":[{"taxonomy":"category","embeddable":true,"href":"http:\/\/revistalaneta.com.mx\/index.php?rest_route=%2Fwp%2Fv2%2Fcategories&post=13196"},{"taxonomy":"post_tag","embeddable":true,"href":"http:\/\/revistalaneta.com.mx\/index.php?rest_route=%2Fwp%2Fv2%2Ftags&post=13196"}],"curies":[{"name":"wp","href":"https:\/\/api.w.org\/{rel}","templated":true}]}}