{"id":13199,"date":"2024-08-16T05:19:14","date_gmt":"2024-08-16T05:19:14","guid":{"rendered":"http:\/\/revistalaneta.com.mx\/?p=13199"},"modified":"2024-08-16T05:19:53","modified_gmt":"2024-08-16T05:19:53","slug":"realiza-gobierno-municipal-reconocimiento-municipal-de-la-juventud","status":"publish","type":"post","link":"http:\/\/revistalaneta.com.mx\/?p=13199","title":{"rendered":"Realiza Gobierno Municipal &#8220;Reconocimiento Municipal de la Juventud&#8221;"},"content":{"rendered":"\n<p><\/p>\n\n\n\n<p>Nuevo Laredo, Tamps.- Como parte del D\u00eda Internacional de la Juventud el Gobierno Municipal galardon\u00f3 a 50 j\u00f3venes talentosos de la ciudad quienes han sido ejemplo por sus habilidades art\u00edsticas, deportivas, empresariales, de superaci\u00f3n personal, cient\u00edficas y acad\u00e9micas.<\/p>\n\n\n\n<p>Jes\u00fas Espinoza Hern\u00e1ndez, director del Instituto Municipal para el Desarrollo de la Juventud (IMJUVE), destac\u00f3 que con este evento se fomenta la motivaci\u00f3n y el empoderamiento en los j\u00f3venes, fortalece el talento local y se promueven los valores positivos.<\/p>\n\n\n\n<p>\u201cEs un d\u00eda muy especial estamos conmemorando el D\u00eda Internacional de la Juventud es una fecha muy importante no solamente se visibiliza todo el talento, la innovaci\u00f3n y la creatividad, sino que tambi\u00e9n nos ayuda a descubrir todo el potencial que tiene la juventud para seguir transformando el presente\u201d, indic\u00f3 Espinoza Hern\u00e1ndez, funcionario municipal.<\/p>\n\n\n\n<p>Espinoza Hern\u00e1ndez invit\u00f3 a los j\u00f3venes a seguir prepar\u00e1ndose y a motivar a m\u00e1s juventudes \u201cUstedes contribuyen de manera muy significativa al desarrollo de Nuevo Laredo, a trav\u00e9s de este reconocimiento tambi\u00e9n inspiran a m\u00e1s j\u00f3venes para que como ustedes sean una pieza fundamental en la sociedad.<\/p>\n\n\n\n<p>Las categor\u00edas que se reconocieron fueron: Acad\u00e9mico, Cient\u00edfico y Tecnol\u00f3gico; Art\u00edstico y Cultural; Deportivo; Emprendimiento; Activismo y Contribuci\u00f3n Social; Inclusi\u00f3n y Derechos Humanos.<\/p>\n\n\n\n<p>Estuvieron presentes Jorge Daniel Lagunes Alba, director de Entidades y Organismos Paramunicipales; Salom\u00f3n Valencia, director de Cultura F\u00edsica y Deporte; Felipe Flores, director de Arte y Cultura; la regidora Samantha Bul\u00e1s; as\u00ed como familiares de los j\u00f3venes galardonados.<\/p>\n","protected":false},"excerpt":{"rendered":"<p>Nuevo Laredo, Tamps.- Como parte del D\u00eda Internacional de la Juventud el Gobierno Municipal galardon\u00f3 a 50 j\u00f3venes talentosos de la ciudad quienes han sido ejemplo por sus habilidades art\u00edsticas, &hellip; <a href=\"http:\/\/revistalaneta.com.mx\/?p=13199\" class=\"more-link\">Leer m\u00e1s<\/a><\/p>\n","protected":false},"author":1,"featured_media":13198,"comment_status":"open","ping_status":"open","sticky":false,"template":"","format":"standard","meta":{"footnotes":""},"categories":[4],"tags":[],"class_list":["post-13199","post","type-post","status-publish","format-standard","has-post-thumbnail","hentry","category-nuevo-laredo","entry"],"_links":{"self":[{"href":"http:\/\/revistalaneta.com.mx\/index.php?rest_route=\/wp\/v2\/posts\/13199","targetHints":{"allow":["GET"]}}],"collection":[{"href":"http:\/\/revistalaneta.com.mx\/index.php?rest_route=\/wp\/v2\/posts"}],"about":[{"href":"http:\/\/revistalaneta.com.mx\/index.php?rest_route=\/wp\/v2\/types\/post"}],"author":[{"embeddable":true,"href":"http:\/\/revistalaneta.com.mx\/index.php?rest_route=\/wp\/v2\/users\/1"}],"replies":[{"embeddable":true,"href":"http:\/\/revistalaneta.com.mx\/index.php?rest_route=%2Fwp%2Fv2%2Fcomments&post=13199"}],"version-history":[{"count":1,"href":"http:\/\/revistalaneta.com.mx\/index.php?rest_route=\/wp\/v2\/posts\/13199\/revisions"}],"predecessor-version":[{"id":13200,"href":"http:\/\/revistalaneta.com.mx\/index.php?rest_route=\/wp\/v2\/posts\/13199\/revisions\/13200"}],"wp:featuredmedia":[{"embeddable":true,"href":"http:\/\/revistalaneta.com.mx\/index.php?rest_route=\/wp\/v2\/media\/13198"}],"wp:attachment":[{"href":"http:\/\/revistalaneta.com.mx\/index.php?rest_route=%2Fwp%2Fv2%2Fmedia&parent=13199"}],"wp:term":[{"taxonomy":"category","embeddable":true,"href":"http:\/\/revistalaneta.com.mx\/index.php?rest_route=%2Fwp%2Fv2%2Fcategories&post=13199"},{"taxonomy":"post_tag","embeddable":true,"href":"http:\/\/revistalaneta.com.mx\/index.php?rest_route=%2Fwp%2Fv2%2Ftags&post=13199"}],"curies":[{"name":"wp","href":"https:\/\/api.w.org\/{rel}","templated":true}]}}