{"id":13214,"date":"2024-08-17T02:40:18","date_gmt":"2024-08-17T02:40:18","guid":{"rendered":"http:\/\/revistalaneta.com.mx\/?p=13214"},"modified":"2024-08-17T02:40:49","modified_gmt":"2024-08-17T02:40:49","slug":"suma-la-uat-esfuerzos-para-apoyar-con-utiles-escolares-a-estudiantes-del-sector-rural","status":"publish","type":"post","link":"http:\/\/revistalaneta.com.mx\/?p=13214","title":{"rendered":"Suma la UAT esfuerzos para apoyar con \u00fatiles escolares a estudiantes del sector rural"},"content":{"rendered":"\n<p><\/p>\n\n\n\n<p>Ciudad Victoria, Tamps.- En un acto de profundo compromiso social y solidario, la Universidad Aut\u00f3noma de Tamaulipas (UAT) llev\u00f3 a cabo la Jornada de Empaquetado de \u00datiles Escolares con Adultos Mayores, en la que se empacaron 285 kits de \u00fatiles destinados a estudiantes de \u00e1reas rurales.<br>La actividad fue presidida por el rector de la UAT, MVZ D\u00e1maso Anaya Alvarado, y su esposa, Lic. Isolda Rend\u00f3n de Anaya, presidenta de Familia UAT, en una significativa jornada que reuni\u00f3 la participaci\u00f3n de adultos mayores que son atendidos a trav\u00e9s del Centro Operativo Multidisciplinario de Atenci\u00f3n y Servicio Social (COMASS).<br>El rector D\u00e1maso Anaya ofreci\u00f3 un mensaje en el que resalt\u00f3 el compromiso de la comunidad universitaria. &#8220;Cuando nos unimos, hay metas que podemos alcanzar&#8221;, dijo, y subray\u00f3 que este esfuerzo conjunto tiene un objetivo profundamente humano: apoyar a los estudiantes de \u00e1reas rurales que, con mucho sacrificio, se esfuerzan por alcanzar sus sue\u00f1os.<br>&#8220;Nuestro humanismo, nuestra empat\u00eda y nuestra solidaridad se ven reflejados en esta actividad&#8221;, puntualiz\u00f3 el rector, al tiempo que llam\u00f3 a seguir adelante con la certeza de que cada peque\u00f1o gesto cuenta y que, unidos como una gran familia, se puede hacer una diferencia en la vida de quienes m\u00e1s lo necesitan.<br>Con gran entusiasmo, los abuelitos del club del adulto mayor del COMASS-UAT convivieron en esta din\u00e1mica y compartieron con el rector D\u00e1maso Anaya y su esposa Isolda Rend\u00f3n esta jornada de empaquetado de \u00fatiles escolares recolectados, como cuadernos, l\u00e1pices de grafito, l\u00e1pices de colores, plumas, marcatextos, tijeras, estuches de geometr\u00eda, pegamentos, borradores, sacapuntas, loncheras, mochilas y lapiceras.<br>En el evento realizado en el Gimnasio Multidisciplinario del Campus Victoria, se cont\u00f3 con la participaci\u00f3n de estudiantes, voluntarios e integrantes de Familia UAT, como parte de la Colecta Universitaria \u201cUna mochila llena de oportunidades\u201d, que a\u00fan sigue recibiendo donativos de \u00fatiles y art\u00edculos escolares en diversos puntos de recolecci\u00f3n dentro de la universidad y que concluir\u00e1 el pr\u00f3ximo 23 de agosto.<\/p>\n","protected":false},"excerpt":{"rendered":"<p>Ciudad Victoria, Tamps.- En un acto de profundo compromiso social y solidario, la Universidad Aut\u00f3noma de Tamaulipas (UAT) llev\u00f3 a cabo la Jornada de Empaquetado de \u00datiles Escolares con Adultos &hellip; <a href=\"http:\/\/revistalaneta.com.mx\/?p=13214\" class=\"more-link\">Leer m\u00e1s<\/a><\/p>\n","protected":false},"author":1,"featured_media":13213,"comment_status":"open","ping_status":"open","sticky":false,"template":"","format":"standard","meta":{"footnotes":""},"categories":[7],"tags":[],"class_list":["post-13214","post","type-post","status-publish","format-standard","has-post-thumbnail","hentry","category-ciudad-victoria","entry"],"_links":{"self":[{"href":"http:\/\/revistalaneta.com.mx\/index.php?rest_route=\/wp\/v2\/posts\/13214","targetHints":{"allow":["GET"]}}],"collection":[{"href":"http:\/\/revistalaneta.com.mx\/index.php?rest_route=\/wp\/v2\/posts"}],"about":[{"href":"http:\/\/revistalaneta.com.mx\/index.php?rest_route=\/wp\/v2\/types\/post"}],"author":[{"embeddable":true,"href":"http:\/\/revistalaneta.com.mx\/index.php?rest_route=\/wp\/v2\/users\/1"}],"replies":[{"embeddable":true,"href":"http:\/\/revistalaneta.com.mx\/index.php?rest_route=%2Fwp%2Fv2%2Fcomments&post=13214"}],"version-history":[{"count":1,"href":"http:\/\/revistalaneta.com.mx\/index.php?rest_route=\/wp\/v2\/posts\/13214\/revisions"}],"predecessor-version":[{"id":13215,"href":"http:\/\/revistalaneta.com.mx\/index.php?rest_route=\/wp\/v2\/posts\/13214\/revisions\/13215"}],"wp:featuredmedia":[{"embeddable":true,"href":"http:\/\/revistalaneta.com.mx\/index.php?rest_route=\/wp\/v2\/media\/13213"}],"wp:attachment":[{"href":"http:\/\/revistalaneta.com.mx\/index.php?rest_route=%2Fwp%2Fv2%2Fmedia&parent=13214"}],"wp:term":[{"taxonomy":"category","embeddable":true,"href":"http:\/\/revistalaneta.com.mx\/index.php?rest_route=%2Fwp%2Fv2%2Fcategories&post=13214"},{"taxonomy":"post_tag","embeddable":true,"href":"http:\/\/revistalaneta.com.mx\/index.php?rest_route=%2Fwp%2Fv2%2Ftags&post=13214"}],"curies":[{"name":"wp","href":"https:\/\/api.w.org\/{rel}","templated":true}]}}