{"id":13217,"date":"2024-08-17T02:42:02","date_gmt":"2024-08-17T02:42:02","guid":{"rendered":"http:\/\/revistalaneta.com.mx\/?p=13217"},"modified":"2024-08-17T02:42:28","modified_gmt":"2024-08-17T02:42:28","slug":"firma-sedener-convenio-para-impulsar-politicas-de-genero-en-el-sector-energetico-en-tamaulipas","status":"publish","type":"post","link":"http:\/\/revistalaneta.com.mx\/?p=13217","title":{"rendered":"Firma SEDENER convenio para impulsar pol\u00edticas de g\u00e9nero en el sector energ\u00e9tico en Tamaulipas"},"content":{"rendered":"\n<p><\/p>\n\n\n\n<p><\/p>\n\n\n\n<p>Ciudad de M\u00e9xico.- La Secretar\u00eda de Desarrollo Energ\u00e9tico de Tamaulipas estableci\u00f3 un convenio marco de colaboraci\u00f3n para impulsar las pol\u00edticas de g\u00e9nero en el sector energ\u00e9tico del pa\u00eds.<\/p>\n\n\n\n<p>Esta firma fue celebrada por el secretario Jos\u00e9 Ram\u00f3n Silva Arizabalo y la presidenta de Women\u2019s Energy Network, Eneida G\u00f3ngora, con el objetivo de promover el liderazgo femenino en la industria energ\u00e9tica.<\/p>\n\n\n\n<p>WEN M\u00e9xico y la Secretar\u00eda de Desarrollo Energ\u00e9tico de Tamaulipas trabajar\u00e1n juntas para ofrecer programas de capacitaci\u00f3n, talleres y eventos que impulsen el conocimiento y habilidades de las mujeres en el sector, as\u00ed como colaboraci\u00f3n en proyectos de investigaci\u00f3n y desarrollo relacionados con energ\u00eda.<\/p>\n\n\n\n<p>Adem\u00e1s, WEN M\u00e9xico y la SEDENER se comprometieron a organizar eventos, conferencias y actividades que promuevan la igualdad de g\u00e9nero en el \u00e1mbito energ\u00e9tico en Tamaulipas.<\/p>\n\n\n\n<p>Este convenio representa un paso significativo hacia la igualdad de g\u00e9nero y el empoderamiento de las mujeres en el \u00e1mbito energ\u00e9tico.<\/p>\n","protected":false},"excerpt":{"rendered":"<p>Ciudad de M\u00e9xico.- La Secretar\u00eda de Desarrollo Energ\u00e9tico de Tamaulipas estableci\u00f3 un convenio marco de colaboraci\u00f3n para impulsar las pol\u00edticas de g\u00e9nero en el sector energ\u00e9tico del pa\u00eds. Esta firma &hellip; <a href=\"http:\/\/revistalaneta.com.mx\/?p=13217\" class=\"more-link\">Leer m\u00e1s<\/a><\/p>\n","protected":false},"author":1,"featured_media":13216,"comment_status":"open","ping_status":"open","sticky":false,"template":"","format":"standard","meta":{"footnotes":""},"categories":[6],"tags":[],"class_list":["post-13217","post","type-post","status-publish","format-standard","has-post-thumbnail","hentry","category-destacado","entry"],"_links":{"self":[{"href":"http:\/\/revistalaneta.com.mx\/index.php?rest_route=\/wp\/v2\/posts\/13217","targetHints":{"allow":["GET"]}}],"collection":[{"href":"http:\/\/revistalaneta.com.mx\/index.php?rest_route=\/wp\/v2\/posts"}],"about":[{"href":"http:\/\/revistalaneta.com.mx\/index.php?rest_route=\/wp\/v2\/types\/post"}],"author":[{"embeddable":true,"href":"http:\/\/revistalaneta.com.mx\/index.php?rest_route=\/wp\/v2\/users\/1"}],"replies":[{"embeddable":true,"href":"http:\/\/revistalaneta.com.mx\/index.php?rest_route=%2Fwp%2Fv2%2Fcomments&post=13217"}],"version-history":[{"count":1,"href":"http:\/\/revistalaneta.com.mx\/index.php?rest_route=\/wp\/v2\/posts\/13217\/revisions"}],"predecessor-version":[{"id":13218,"href":"http:\/\/revistalaneta.com.mx\/index.php?rest_route=\/wp\/v2\/posts\/13217\/revisions\/13218"}],"wp:featuredmedia":[{"embeddable":true,"href":"http:\/\/revistalaneta.com.mx\/index.php?rest_route=\/wp\/v2\/media\/13216"}],"wp:attachment":[{"href":"http:\/\/revistalaneta.com.mx\/index.php?rest_route=%2Fwp%2Fv2%2Fmedia&parent=13217"}],"wp:term":[{"taxonomy":"category","embeddable":true,"href":"http:\/\/revistalaneta.com.mx\/index.php?rest_route=%2Fwp%2Fv2%2Fcategories&post=13217"},{"taxonomy":"post_tag","embeddable":true,"href":"http:\/\/revistalaneta.com.mx\/index.php?rest_route=%2Fwp%2Fv2%2Ftags&post=13217"}],"curies":[{"name":"wp","href":"https:\/\/api.w.org\/{rel}","templated":true}]}}