{"id":13247,"date":"2024-08-17T13:51:21","date_gmt":"2024-08-17T13:51:21","guid":{"rendered":"http:\/\/revistalaneta.com.mx\/?p=13247"},"modified":"2024-08-17T13:51:45","modified_gmt":"2024-08-17T13:51:45","slug":"llega-exposicion-antes-de-que-el-mundo-fuera-hecho-teniamos-un-rostro","status":"publish","type":"post","link":"http:\/\/revistalaneta.com.mx\/?p=13247","title":{"rendered":"Llega exposici\u00f3n \u201cAntes de que el mundo fuera hecho, ten\u00edamos un rostro\u201d"},"content":{"rendered":"\n<p><\/p>\n\n\n\n<ul class=\"wp-block-list\">\n<li>De la artista Sarah Kuzmicz a la Pinacoteca Tamaulipas<\/li>\n<\/ul>\n\n\n\n<p><\/p>\n\n\n\n<p>Ciudad Victoria, Tamaulipas .-La exposici\u00f3n &#8220;Antes de que el mundo fuera hecho, ten\u00edamos un rostro&#8221; de la reconocida artista Sarah Kuzmicz lleg\u00f3 a la Pinacoteca Tamaulipas. Esta muestra re\u00fane 26 piezas originales, en t\u00e9cnicas diversas sobre papel, que exploran rostros imaginarios y posibles, llenos de expresionismo e inspirados en un poema de W.B. Yeats.<\/p>\n\n\n\n<p>Sarah Kuzmicz, de origen polaco y mexicana por adopci\u00f3n, proviene de una familia de artistas y comenz\u00f3 su formaci\u00f3n en pintura y dibujo desde temprana edad en Cracovia, su ciudad natal. Continu\u00f3 su desarrollo art\u00edstico en diversos talleres de pintores y, a lo largo de su carrera, ha incursionado en la pintura al \u00f3leo y otras t\u00e9cnicas de dibujo. Adem\u00e1s, ha contribuido al mundo del arte como cr\u00edtica, escribiendo para distintas publicaciones.<\/p>\n\n\n\n<p>\u201cLa cultura y las artes son bienes esenciales, son instrumentos muy poderosos para cultivar la creatividad, para generar paz, para generar el pensamiento cr\u00edtico, para humanizarnos. Y en un gobierno humanista como es este que encabeza, el gobernador Am\u00e9rico Villarreal Anaya es fundamental que tengamos este tipo de encuentros, que son instrumentos imprescindibles sobre todo para construir el tejido social\u201d declar\u00f3 Jorge Cuellar Montoya, secretario ejecutivo del Sistema Estatal de Seguridad P\u00fablica.<\/p>\n\n\n\n<p>En su intervenci\u00f3n, Mar\u00eda Teresa Sarno Berardi, directora de la Pinacoteca Tamaulipas mencion\u00f3 que la exposici\u00f3n es un viaje introspectivo y emotivo a trav\u00e9s del rostro humano, explorando su expresi\u00f3n y significado, desde una perspectiva \u00fanica y profundamente art\u00edstica.<\/p>\n\n\n\n<p>Al evento asistieron H\u00e9ctor Adame Lerma, director administrativo del Instituto Tamaulipeco para la Cultura y las Artes, en representaci\u00f3n de Araceli Sosa \u00c1lvarez, encargada de despacho del ITCA y, en representaci\u00f3n de la secretaria de Bienestar, Silvia Casas Gonz\u00e1lez, asisti\u00f3 Nancy Lorenia Ochoa Cano, directora de Atenci\u00f3n Ciudadana.<\/p>\n\n\n\n<p>El ITCA invita a la ciudadan\u00eda a que acuda para disfrutar de la exposici\u00f3n, que estar\u00e1 vigente hasta el 12 de septiembre, de martes a domingo de 10:00 a 18:00 hrs en la Pinacoteca Tamaulipas.<\/p>\n","protected":false},"excerpt":{"rendered":"<p>Ciudad Victoria, Tamaulipas .-La exposici\u00f3n &#8220;Antes de que el mundo fuera hecho, ten\u00edamos un rostro&#8221; de la reconocida artista Sarah Kuzmicz lleg\u00f3 a la Pinacoteca Tamaulipas. Esta muestra re\u00fane 26 &hellip; <a href=\"http:\/\/revistalaneta.com.mx\/?p=13247\" class=\"more-link\">Leer m\u00e1s<\/a><\/p>\n","protected":false},"author":1,"featured_media":13246,"comment_status":"open","ping_status":"open","sticky":false,"template":"","format":"standard","meta":{"footnotes":""},"categories":[7],"tags":[],"class_list":["post-13247","post","type-post","status-publish","format-standard","has-post-thumbnail","hentry","category-ciudad-victoria","entry"],"_links":{"self":[{"href":"http:\/\/revistalaneta.com.mx\/index.php?rest_route=\/wp\/v2\/posts\/13247","targetHints":{"allow":["GET"]}}],"collection":[{"href":"http:\/\/revistalaneta.com.mx\/index.php?rest_route=\/wp\/v2\/posts"}],"about":[{"href":"http:\/\/revistalaneta.com.mx\/index.php?rest_route=\/wp\/v2\/types\/post"}],"author":[{"embeddable":true,"href":"http:\/\/revistalaneta.com.mx\/index.php?rest_route=\/wp\/v2\/users\/1"}],"replies":[{"embeddable":true,"href":"http:\/\/revistalaneta.com.mx\/index.php?rest_route=%2Fwp%2Fv2%2Fcomments&post=13247"}],"version-history":[{"count":1,"href":"http:\/\/revistalaneta.com.mx\/index.php?rest_route=\/wp\/v2\/posts\/13247\/revisions"}],"predecessor-version":[{"id":13248,"href":"http:\/\/revistalaneta.com.mx\/index.php?rest_route=\/wp\/v2\/posts\/13247\/revisions\/13248"}],"wp:featuredmedia":[{"embeddable":true,"href":"http:\/\/revistalaneta.com.mx\/index.php?rest_route=\/wp\/v2\/media\/13246"}],"wp:attachment":[{"href":"http:\/\/revistalaneta.com.mx\/index.php?rest_route=%2Fwp%2Fv2%2Fmedia&parent=13247"}],"wp:term":[{"taxonomy":"category","embeddable":true,"href":"http:\/\/revistalaneta.com.mx\/index.php?rest_route=%2Fwp%2Fv2%2Fcategories&post=13247"},{"taxonomy":"post_tag","embeddable":true,"href":"http:\/\/revistalaneta.com.mx\/index.php?rest_route=%2Fwp%2Fv2%2Ftags&post=13247"}],"curies":[{"name":"wp","href":"https:\/\/api.w.org\/{rel}","templated":true}]}}