{"id":13259,"date":"2024-08-17T13:59:37","date_gmt":"2024-08-17T13:59:37","guid":{"rendered":"http:\/\/revistalaneta.com.mx\/?p=13259"},"modified":"2024-08-17T13:59:59","modified_gmt":"2024-08-17T13:59:59","slug":"protestan-contra-danes-rojas","status":"publish","type":"post","link":"http:\/\/revistalaneta.com.mx\/?p=13259","title":{"rendered":"PROTESTAN CONTRA DAN\u00c9S ROJAS"},"content":{"rendered":"\n<p><\/p>\n\n\n\n<p>-Se siente inmune e impune<\/p>\n\n\n\n<p>-Aumentan visitantes en Victoria<\/p>\n\n\n\n<p>Tiempo de opinar<\/p>\n\n\n\n<p>Ra\u00fal Hern\u00e1ndez Moreno<\/p>\n\n\n\n<p>15-agosto-2024<\/p>\n\n\n\n<p>Las cosas se le complican a Edgar Dan\u00e9s Rojas, presidente del Tribunal Estatal Electoral, luego de que este d\u00eda hubo una protesta afuera de las instalaciones del organismo, para demandar que el funcionario sea procesado. Una decena o m\u00e1s de personas, provistas de carteles, demandaron justicia.<\/p>\n\n\n\n<p>Dan\u00e9s Rojas fue denunciado formalmente desde mayo de 2023, por una ex empleada del Tribunal, a la que el funcionario acos\u00f3 desde diciembre de 2022.<\/p>\n\n\n\n<p>Hasta ahora las autoridades judiciales han solapado a Dan\u00e9s. No lo han citado para que responda las acusaciones y \u00e9l se siente envalentonado. Se siente inmune, impune y hay mucho de verdad en esto.<\/p>\n\n\n\n<p>En abril de 2023 el senador Ricardo Monreal visit\u00f3 Victoria y en una declaraci\u00f3n a la prensa revel\u00f3 que Dan\u00e9s era investigado por haber recibido pagos indebidos como maestro de la UAT, lo que no le est\u00e1 permitido a un magistrado.<\/p>\n\n\n\n<p>Dan\u00e9s no respondi\u00f3 a los se\u00f1alamientos de Monreal; no le ha respondido a la mujer que lo acusa de acoso; y tampoco le respondi\u00f3 al magistrado Ren\u00e9 Osiris cuando p\u00fablicamente le pregunt\u00f3 si ten\u00eda un hermano trabajando en el DIF municipal, lo que representaba un conflicto de inter\u00e9s que le imped\u00eda votar en el recurso de inconformidad que present\u00f3 el PAN por las elecciones de Nuevo Laredo.<\/p>\n\n\n\n<p>Dan\u00e9s es un pat\u00e1n, se siente tocado de la mano de Dios y que nadie puede sentarlo en el banquillo de los acusados, as\u00ed que va a seguir movi\u00e9ndose al margen de la ley, sabedor de que quedar\u00e1 impune.<\/p>\n\n\n\n<p>Su caso ya alcanz\u00f3 notoriedad nacional y ya se gan\u00f3 fama de acosador, pero eso a \u00e9l le vale -y la prueba es que no ha dicho nada- y en una de esas se siente orgulloso y cree que ser acosador es sin\u00f3nimo de ser muy macho.<\/p>\n\n\n\n<p>Por otra parte, el Secretario de Turismo en Tamaulipas, Benjam\u00edn Hern\u00e1ndez Rodr\u00edguez dio a conocer que durante el verano, Ciudad Victoria recibi\u00f3 93 mil visitantes, 77 por ciento m\u00e1s que en el 2023, en que se recibi\u00f3 a 52 mil.<\/p>\n\n\n\n<p>Dijo que Victoria obtuvo la denominaci\u00f3n de \u201cbarrio m\u00e1gico\u201d y que entre sus atractivos est\u00e1n los murales del Palacio de Gobierno y en el edificio de la Presidencia Municipal, adem\u00e1s de otros inmuebles como el Palacio Federal que, visto desde el aire, simula un avi\u00f3n, ya que el conjunto de edificios de este complejo gubernamental y las calles donde se ubican, forman una T, en alusi\u00f3n a la primera letra de Tamaulipas.<\/p>\n\n\n\n<p>Tambi\u00e9n en el Barrio M\u00e1gico se encuentra la calle Hidalgo, enmarcada por la imponente Sierra Madre Oriental. En esta calle se ubica la Casona de la Familia Filizola, hoy Pinacoteca de Tamaulipas, que fomenta el acercamiento a la preservaci\u00f3n del patrimonio pict\u00f3rico y edificado, adem\u00e1s destaca la Plaza Ju\u00e1rez, con su Palacio de Gobierno, donde se acostumbra que los gobernadores del estado junto a la sociedad celebren el tradicional Grito de Independencia, entre otros eventos.<\/p>\n\n\n\n<p>Adem\u00e1s, hay otros espacios para complementar la estancia en la capital de<\/p>\n\n\n\n<p>Tamaulipas: el Museo Tamux, el zool\u00f3gico Tamat\u00e1n, el Planetario, el Parque<\/p>\n\n\n\n<p>Tamat\u00e1n, el Parque Camino Real a Tula, el paseo Los Troncones, adem\u00e1s del<\/p>\n\n\n\n<p>reto extremo de subir a la Asta Bandera de la 48 Zona Militar, as\u00ed como<\/p>\n\n\n\n<p>restaurantes de todo tipo, donde se pueden degustar las famosas flautas, que en Ciudad Victoria son de harina, concluy\u00f3.<\/p>\n","protected":false},"excerpt":{"rendered":"<p>-Se siente inmune e impune -Aumentan visitantes en Victoria Tiempo de opinar Ra\u00fal Hern\u00e1ndez Moreno 15-agosto-2024 Las cosas se le complican a Edgar Dan\u00e9s Rojas, presidente del Tribunal Estatal Electoral, &hellip; <a href=\"http:\/\/revistalaneta.com.mx\/?p=13259\" class=\"more-link\">Leer m\u00e1s<\/a><\/p>\n","protected":false},"author":1,"featured_media":13258,"comment_status":"open","ping_status":"open","sticky":false,"template":"","format":"standard","meta":{"footnotes":""},"categories":[2],"tags":[],"class_list":["post-13259","post","type-post","status-publish","format-standard","has-post-thumbnail","hentry","category-chismorreo","entry"],"_links":{"self":[{"href":"http:\/\/revistalaneta.com.mx\/index.php?rest_route=\/wp\/v2\/posts\/13259","targetHints":{"allow":["GET"]}}],"collection":[{"href":"http:\/\/revistalaneta.com.mx\/index.php?rest_route=\/wp\/v2\/posts"}],"about":[{"href":"http:\/\/revistalaneta.com.mx\/index.php?rest_route=\/wp\/v2\/types\/post"}],"author":[{"embeddable":true,"href":"http:\/\/revistalaneta.com.mx\/index.php?rest_route=\/wp\/v2\/users\/1"}],"replies":[{"embeddable":true,"href":"http:\/\/revistalaneta.com.mx\/index.php?rest_route=%2Fwp%2Fv2%2Fcomments&post=13259"}],"version-history":[{"count":1,"href":"http:\/\/revistalaneta.com.mx\/index.php?rest_route=\/wp\/v2\/posts\/13259\/revisions"}],"predecessor-version":[{"id":13260,"href":"http:\/\/revistalaneta.com.mx\/index.php?rest_route=\/wp\/v2\/posts\/13259\/revisions\/13260"}],"wp:featuredmedia":[{"embeddable":true,"href":"http:\/\/revistalaneta.com.mx\/index.php?rest_route=\/wp\/v2\/media\/13258"}],"wp:attachment":[{"href":"http:\/\/revistalaneta.com.mx\/index.php?rest_route=%2Fwp%2Fv2%2Fmedia&parent=13259"}],"wp:term":[{"taxonomy":"category","embeddable":true,"href":"http:\/\/revistalaneta.com.mx\/index.php?rest_route=%2Fwp%2Fv2%2Fcategories&post=13259"},{"taxonomy":"post_tag","embeddable":true,"href":"http:\/\/revistalaneta.com.mx\/index.php?rest_route=%2Fwp%2Fv2%2Ftags&post=13259"}],"curies":[{"name":"wp","href":"https:\/\/api.w.org\/{rel}","templated":true}]}}