{"id":13262,"date":"2024-08-17T14:01:40","date_gmt":"2024-08-17T14:01:40","guid":{"rendered":"http:\/\/revistalaneta.com.mx\/?p=13262"},"modified":"2024-08-17T14:02:13","modified_gmt":"2024-08-17T14:02:13","slug":"salio-payasito-el-cachorro-cantu","status":"publish","type":"post","link":"http:\/\/revistalaneta.com.mx\/?p=13262","title":{"rendered":"SALI\u00d3 PAYASITO \u201cEL CACHORRO\u201d CANT\u00da"},"content":{"rendered":"\n<p><br>Que buen chiste se avent\u00f3 el todav\u00eda dirigente estatal del Partido Acci\u00f3n Nacional (PAN), Luis Ren\u00e9 Cant\u00fa Galv\u00e1n, en una conferencia de prensa ofrecida este jueves en la capital del estado, al manifestar en que el ex gobernador Francisco Garc\u00eda Cabeza de Vaca no va a meter mano en la designaci\u00f3n del l\u00edder de la bancada panista en el Congreso del Estado, que estar\u00e1 integrada por siete diputados, de los cuales seis ser\u00e1n de representaci\u00f3n proporcional y solo uno de mayor\u00eda. Y es que en este tenor todo mundo sabe que quien sabe mandando en el PAN de Tamaulipas es \u201cEl Cabez\u00f3n\u201d, y que \u201cEl Cachorro\u201d Cant\u00fa hace todo lo que \u00e9ste le diga. Adem\u00e1s de antemano se vislumbra que quien coordinar\u00e1 a los legisladores panistas ser\u00e1 Ismael Garc\u00eda Cabeza de Vaca, hermano del ex mandatario estatal, o bien Gerardo Pe\u00f1a Flores, incondicional del mismo ex gobernador. As\u00ed que a contar chistes a Distrito Comedia, \u201cCachorrito\u201d.<\/p>\n\n\n\n<p>QUE YA RENUNCIE A LA DIRIGENCIA DEL PAN<br \/>Por si fuera poco el dirigente estatal del PAN, Luis Ren\u00e9 Cant\u00fa Galv\u00e1n, anunci\u00f3 que iniciara una gira por seis regiones de la entidad, para seg\u00fan \u00e9l dar a conocer el trabajo interno del partido, para supuestamente fortalecer al panismo, cuando en realidad lo que los panistas piden a gritos es que \u201cEl Cachorro\u201d renuncie ya a la dirigencia y haya nuevas elecciones, abiertas y plurales, donde se pueda elegir a una nueva directiva, que s\u00ed trabaje por Acci\u00f3n Nacional y reviva a dicho instituto pol\u00edtico, tras la deshonra en que lo han dejado los denominados \u201ccabecistas\u201d, que por fortuna cada vez son menos. De hecho los panistas de abolengo van a tener la gran oportunidad en las giras de \u201cEl Cachorro\u201d de manifestarle sus inconformidades, y de pedirle cara a cara que ya se largue del PAN, que ya le deje de hacer da\u00f1o a dicho partido. Y ya si no lo hacen demostrar\u00e1n que les gusta la mala vida.<\/p>\n\n\n\n<p>LOS CHAVIRA SE QUEDAN DIPUTACI\u00d3N LOCAL<br \/>Quien anda que no lo calienta el sol es Francisco Chavira Mart\u00ednez, toda vez que su hermana Diana Chavira Mart\u00ednez no logr\u00f3 colarse como diputada local de representaci\u00f3n proporcional por el Partido del Trabajo (PT), al no conseguir dicho instituto pol\u00edtico ninguna posici\u00f3n \u201cpluri\u201d. Y es que el Paco Chavira ya se sent\u00eda bien seguro de volver a mandar a su hermana al Congreso del Estado, pues esta iba apuntada en la posici\u00f3n n\u00famero uno de la lista del PT, pero los del Instituto Electoral de Tamaulipas (IETAM) decidieron que ni el PT, ni el Partido Verde Ecologista de M\u00e9xico (PVEM) obtuvieran diputaciones plurinominales, pese a que aparentemente s\u00ed les tocaban. Lo m\u00e1s curioso es que la dirigencia estatal del PT ni p\u00edo ha dicho al respecto, y a mi no me lo crean, y tampoco quiero meter ciza\u00f1a, pero se habla que tanto al coordinador estatal del PT, Arcenio Ortega Lozano, como al segundo de a bordo de dicho partido, Alejandro Ceniceros Mart\u00ednez, les vali\u00f3 un soberano pepino no haber obtenido una diputaci\u00f3n local plurinominal, m\u00e1xime si le iba a tocar a los Chavira. Total, a ellos lo \u00fanico que les importa es que Arcenio al parecer s\u00ed conseguir\u00e1 la diputaci\u00f3n federal plurinominal, y que por lo visto la estar\u00edan canjeando por las locales. Ahora s\u00ed que aplicaron el cl\u00e1sico dicho de \u201cprimero mis dientes, que mis parientes\u201d.<\/p>\n\n\n\n<p>REAFIRMA AVA COMPROMISO CON CSP<br \/>En el marco de la declaraci\u00f3n oficial de Claudia Sheinbaum Pardo como presidenta electa de M\u00e9xico, tras su contundente triunfo electoral del pasado 2 de junio, el gobernador Am\u00e9rico Villarreal Anaya, en su calidad de primer morenista de Tamaulipas, asisti\u00f3 a dicho evento, y a la vez reafirm\u00f3 su compromiso con el nuevo proyecto de naci\u00f3n de Claudia Sheinbaum, y es por dem\u00e1s claro que su liderazgo en Tamaulipas seguir\u00e1 siendo fundamental para alinear las pol\u00edticas estatales con la visi\u00f3n progresista que impulsa la nueva administraci\u00f3n federal. Para nadie es desconocido el contundente apoyo que Am\u00e9rico brind\u00f3 a Claudia para que sea la primera mujer en ocupar la Presidencia de M\u00e9xico, y as\u00ed dejar atr\u00e1s viejas estructuras de desigualdad y abrir paso a una nueva era de equidad, algo en lo que siempre ha trabajado el mandatario estatal, pues se reconoce su gran impulso a las acciones para fortalecer el papel de las mujeres en todos los sectores de la sociedad tamaulipeca.<\/p>\n\n\n\n<p>CELEBRAN 15AVA REUNI\u00d3N DEL SEM\u00c1FORO DEL AGUA<br \/>Con la participaci\u00f3n de los gerentes generales de los organismos operadores de agua en Tamaulipas, se llev\u00f3 a cabo en Nuevo Laredo la D\u00e9cima Quinta Reuni\u00f3n Ordinaria del Comit\u00e9 de Seguimiento y Evaluaci\u00f3n del Sem\u00e1foro del Cuidado del Agua, organizada por la Secretar\u00eda de Recursos Hidr\u00e1ulicos para el Desarrollo Social de Tamaulipas. En dicha junta se present\u00f3 la actualizaci\u00f3n del sem\u00e1foro del cuidado del agua aplicable en los municipios de la entidad, y en lo que Nuevo Laredo se mantiene en el color rojo, aunque el monitor de sequ\u00eda del Servicio Meteorol\u00f3gico Nacional indica que no existe sequ\u00eda en la zona norte del estado por las abundantes lluvias que se registraron en julio, pero como quiera la situaci\u00f3n de falta de agua sigue siendo cr\u00edtica en esta regi\u00f3n, seg\u00fan se estableci\u00f3 en la citada reuni\u00f3n. Cabe se\u00f1alar que en el acto el secretario de Recursos Hidr\u00e1ulicos, Ra\u00fal Quiroga \u00c1lvarez, reconoci\u00f3 el compromiso de la alcaldesa neolaredense, Carmen Lilia Canturosas Villarreal, con el cuidado del vital l\u00edquido y destac\u00f3 que la Planta Internacional de Tratamiento de Aguas Residuales (PITAR), es fundamental para el saneamiento del agua que los tamaulipecos obtienen del R\u00edo Bravo. Y s\u00ed, en efecto, as\u00ed es.<\/p>\n\n\n\n<p>14 MIL 500 VOTAR\u00c1N EN ELECCI\u00d3N DEL SINDICATO DEL IMSS<br \/>Van a ser alrededor de 14 mil 500 los trabajadores sindicalizados del Instituto Mexicano del Seguro Social (IMSS) de todo Tamaulipas, los que podr\u00e1n tomar parte en la elecci\u00f3n para elegir al nuevo secretario general del Sindicato de Trabajadores del Seguro Social Secci\u00f3n X de Tamaulipas, cuya elecci\u00f3n se celebrar\u00e1 el pr\u00f3ximo 2 de septiembre, y donde hasta el momento quien se perfila para obtener el triunfo es el doctor Ricardo Obeso Trevi\u00f1o, representante de la planilla blanca. No obstante hay otros dos candidatos, siendo estos Jorge Gonz\u00e1lez Ortiz, candidato de la planilla roja, y a quien le est\u00e1 perjudicando el apoyo del actual dirigente local, Pedro Luis Ram\u00edrez Perales, as\u00ed como tambi\u00e9n Fernando Hern\u00e1ndez \u00c1vila, de la planilla verde, quien se la ha pasado quej\u00e1ndose del proceso electoral. De momento siguen las campa\u00f1as internas en busca del voto de los agremiados.<\/p>\n\n\n\n<p>CELEBRAN FERIA DE RECLUTAMIENTO Y ESTAD\u00cdAS EN LA UTNL<br \/>Con \u00e9xito llev\u00f3 a cabo la Universidad Tecnol\u00f3gica de Nuevo Laredo (UTNL) la Feria de Reclutamiento y Estad\u00edas 2024, dirigida a los alumnos de la misma instituci\u00f3n, y en la cual participaron m\u00e1s de una docena de empresas de los ramos de agencias aduanales, transportistas, maquiladoras, servicios y comercio en general, que ofertaron sus vacantes laborales ante los universitarios, ya sea para que realicen sus estad\u00edas, o bien puedan obtener un empleo de medio tiempo que les genere recursos para continuar con sus estudios. El evento se llev\u00f3 a cabo en las instalaciones de la UTNL y forma parte de las acciones con las cuales los directivos de dicho plantel educativo, a cargo del rector Jos\u00e9 Antonio Tovar Lara, respaldan a los alumnos, cumpliendo as\u00ed con los lineamientos de la secretaria de Educaci\u00f3n de Tamaulipas, Luc\u00eda Aim\u00e9 Castillo Pastor y del gobernador Am\u00e9rico Villarreal Anaya.<\/p>\n\n\n\n<p>CELEBRAR\u00c1 LA UAT 50 A\u00d1OS DE IMPARTIR POSGRADOS<br \/>En el marco del quincuag\u00e9simo aniversario de la impartici\u00f3n de programas de posgrado, la Universidad Aut\u00f3noma de Tamaulipas llevar\u00e1 a cabo el Primer Encuentro de Experiencias del Posgrado, esto el pr\u00f3ximo 19 de septiembre en el Campus Sur de la m\u00e1xima casa de estudios, situado en Tampico. En dicho acto se contar\u00e1 con la participaci\u00f3n de docentes, investigadores y estudiantes de posgrado, quienes compartir\u00e1n sus experiencias con los asistentes e invitados especiales. Cabe indicar que el primer posgrado de la UAT se cre\u00f3 en 1974 con la Maestr\u00eda en Ingenier\u00eda Portuaria, en la Facultad de Ingenier\u00eda del Centro Universitario Tampico-Madero, y desde entonces se inici\u00f3 la historia de la m\u00e1xima casa de estudios del estado en ese rubro. As\u00ed que en este tenor se organizar\u00e1n los eventos conmemorativos, y en especial este encuentro en el que se compartir\u00e1n y difundir\u00e1n las experiencias formativas, los impactos y las tendencias de desarrollo del posgrado, destacando su retribuci\u00f3n a la sociedad tamaulipeca y al pa\u00eds.<\/p>\n\n\n\n<p>LO \u00daLTIMO<br \/>El ingeniero Luis Federico Villarreal Marroqu\u00edn, quien por muchos a\u00f1os fuera director del peri\u00f3dico El Diario, y mi jefe por nueve a\u00f1os, ha sido diagnosticado con un c\u00e1ncer, y se encuentra hospitalizado en San Antonio, Texas. \u00c9l ha decidido, no operarse, y esperar estoico el final. Es su decisi\u00f3n, y se le respeta. Quienes lo conocemos, lo entendemos. \u00a1Genio y figura, hasta la sepultura!\u2026 Este viernes se reanuda la serie de b\u00e9isbol entre los Tecolotes de los Dos Laredos y los Algodoneros de Uni\u00f3n Laguna, esto all\u00e1 en Torre\u00f3n. Los Tecos van con dos juegos de ventaja, y con una gran hambre de seguir imponi\u00e9ndose ante los laguneros. Ya veremos c\u00f3mo les va este fin de semana por all\u00e1, en los tres juegos que disputar\u00e1n.<\/p>\n","protected":false},"excerpt":{"rendered":"<p>Que buen chiste se avent\u00f3 el todav\u00eda dirigente estatal del Partido Acci\u00f3n Nacional (PAN), Luis Ren\u00e9 Cant\u00fa Galv\u00e1n, en una conferencia de prensa ofrecida este jueves en la capital del &hellip; <a href=\"http:\/\/revistalaneta.com.mx\/?p=13262\" class=\"more-link\">Leer m\u00e1s<\/a><\/p>\n","protected":false},"author":1,"featured_media":13261,"comment_status":"open","ping_status":"open","sticky":false,"template":"","format":"standard","meta":{"footnotes":""},"categories":[2,3],"tags":[],"class_list":["post-13262","post","type-post","status-publish","format-standard","has-post-thumbnail","hentry","category-chismorreo","category-opinion","entry"],"_links":{"self":[{"href":"http:\/\/revistalaneta.com.mx\/index.php?rest_route=\/wp\/v2\/posts\/13262","targetHints":{"allow":["GET"]}}],"collection":[{"href":"http:\/\/revistalaneta.com.mx\/index.php?rest_route=\/wp\/v2\/posts"}],"about":[{"href":"http:\/\/revistalaneta.com.mx\/index.php?rest_route=\/wp\/v2\/types\/post"}],"author":[{"embeddable":true,"href":"http:\/\/revistalaneta.com.mx\/index.php?rest_route=\/wp\/v2\/users\/1"}],"replies":[{"embeddable":true,"href":"http:\/\/revistalaneta.com.mx\/index.php?rest_route=%2Fwp%2Fv2%2Fcomments&post=13262"}],"version-history":[{"count":1,"href":"http:\/\/revistalaneta.com.mx\/index.php?rest_route=\/wp\/v2\/posts\/13262\/revisions"}],"predecessor-version":[{"id":13263,"href":"http:\/\/revistalaneta.com.mx\/index.php?rest_route=\/wp\/v2\/posts\/13262\/revisions\/13263"}],"wp:featuredmedia":[{"embeddable":true,"href":"http:\/\/revistalaneta.com.mx\/index.php?rest_route=\/wp\/v2\/media\/13261"}],"wp:attachment":[{"href":"http:\/\/revistalaneta.com.mx\/index.php?rest_route=%2Fwp%2Fv2%2Fmedia&parent=13262"}],"wp:term":[{"taxonomy":"category","embeddable":true,"href":"http:\/\/revistalaneta.com.mx\/index.php?rest_route=%2Fwp%2Fv2%2Fcategories&post=13262"},{"taxonomy":"post_tag","embeddable":true,"href":"http:\/\/revistalaneta.com.mx\/index.php?rest_route=%2Fwp%2Fv2%2Ftags&post=13262"}],"curies":[{"name":"wp","href":"https:\/\/api.w.org\/{rel}","templated":true}]}}