{"id":13286,"date":"2024-08-18T12:38:47","date_gmt":"2024-08-18T12:38:47","guid":{"rendered":"http:\/\/revistalaneta.com.mx\/?p=13286"},"modified":"2024-08-18T12:39:06","modified_gmt":"2024-08-18T12:39:06","slug":"lleva-gobierno-municipal-sesiones-de-educacion-vial-a-escuelas-y-empresas-locales","status":"publish","type":"post","link":"http:\/\/revistalaneta.com.mx\/?p=13286","title":{"rendered":"Lleva Gobierno Municipal sesiones de educaci\u00f3n vial a escuelas y empresas locales"},"content":{"rendered":"\n<p><\/p>\n\n\n\n<p>Nuevo Laredo, Tamps.- Con la finalidad de hacer m\u00e1s seguras las calles de Nuevo Laredo, el Gobierno Municipal por medio del personal de la Direcci\u00f3n de Tr\u00e1nsito y Vialidad, imparti\u00f3 40 sesiones de educaci\u00f3n vial en escuelas y empresas locales durante este 2024.<\/p>\n\n\n\n<p>En total, se visitaron 30 escuelas desde preescolar hasta preparatoria para instruir a los menores de edad y darles a conocer reglas de tr\u00e1nsito y que situaciones son de riesgo; tambi\u00e9n se acudi\u00f3 a 10 empresas para reforzar la cultura vial.<\/p>\n\n\n\n<p>El titular de Tr\u00e1nsito y Vialidad, Armando de la Torre Toledo, inform\u00f3 que m\u00e1s de seis mil alumnos, 934 padres de familia y 470 empleados fueron atendidos en las exposiciones de educaci\u00f3n vial.<\/p>\n\n\n\n<p>\u201cNuestro personal se encarga de acudir a las escuelas y empresas para proyectar videos y diapositivas que concienticen sobre la importancia de una conducci\u00f3n que respete los l\u00edmites de velocidad, el uso adecuado del cintur\u00f3n de seguridad, lo que significan los se\u00f1alamientos y la colorizaci\u00f3n del sem\u00e1foro\u201d, destac\u00f3.<\/p>\n\n\n\n<p>Mencion\u00f3 que se invita a los padres de familia para abarcar el mayor n\u00famero de ciudadanos y el mensaje de la cultura vial tenga un importante alcance.<\/p>\n\n\n\n<p>Las actividades del departamento de educaci\u00f3n vial se retomar\u00e1n este jueves 22 de agosto en APTIV 2 y el viernes 30 de agosto en el jard\u00edn de ni\u00f1os \u201cClub Sertoma 1\u201d.<\/p>\n","protected":false},"excerpt":{"rendered":"<p>Nuevo Laredo, Tamps.- Con la finalidad de hacer m\u00e1s seguras las calles de Nuevo Laredo, el Gobierno Municipal por medio del personal de la Direcci\u00f3n de Tr\u00e1nsito y Vialidad, imparti\u00f3 &hellip; <a href=\"http:\/\/revistalaneta.com.mx\/?p=13286\" class=\"more-link\">Leer m\u00e1s<\/a><\/p>\n","protected":false},"author":1,"featured_media":13285,"comment_status":"open","ping_status":"open","sticky":false,"template":"","format":"standard","meta":{"footnotes":""},"categories":[4],"tags":[],"class_list":["post-13286","post","type-post","status-publish","format-standard","has-post-thumbnail","hentry","category-nuevo-laredo","entry"],"_links":{"self":[{"href":"http:\/\/revistalaneta.com.mx\/index.php?rest_route=\/wp\/v2\/posts\/13286","targetHints":{"allow":["GET"]}}],"collection":[{"href":"http:\/\/revistalaneta.com.mx\/index.php?rest_route=\/wp\/v2\/posts"}],"about":[{"href":"http:\/\/revistalaneta.com.mx\/index.php?rest_route=\/wp\/v2\/types\/post"}],"author":[{"embeddable":true,"href":"http:\/\/revistalaneta.com.mx\/index.php?rest_route=\/wp\/v2\/users\/1"}],"replies":[{"embeddable":true,"href":"http:\/\/revistalaneta.com.mx\/index.php?rest_route=%2Fwp%2Fv2%2Fcomments&post=13286"}],"version-history":[{"count":1,"href":"http:\/\/revistalaneta.com.mx\/index.php?rest_route=\/wp\/v2\/posts\/13286\/revisions"}],"predecessor-version":[{"id":13287,"href":"http:\/\/revistalaneta.com.mx\/index.php?rest_route=\/wp\/v2\/posts\/13286\/revisions\/13287"}],"wp:featuredmedia":[{"embeddable":true,"href":"http:\/\/revistalaneta.com.mx\/index.php?rest_route=\/wp\/v2\/media\/13285"}],"wp:attachment":[{"href":"http:\/\/revistalaneta.com.mx\/index.php?rest_route=%2Fwp%2Fv2%2Fmedia&parent=13286"}],"wp:term":[{"taxonomy":"category","embeddable":true,"href":"http:\/\/revistalaneta.com.mx\/index.php?rest_route=%2Fwp%2Fv2%2Fcategories&post=13286"},{"taxonomy":"post_tag","embeddable":true,"href":"http:\/\/revistalaneta.com.mx\/index.php?rest_route=%2Fwp%2Fv2%2Ftags&post=13286"}],"curies":[{"name":"wp","href":"https:\/\/api.w.org\/{rel}","templated":true}]}}