{"id":13289,"date":"2024-08-20T18:24:07","date_gmt":"2024-08-20T18:24:07","guid":{"rendered":"http:\/\/revistalaneta.com.mx\/?p=13289"},"modified":"2024-08-20T18:24:11","modified_gmt":"2024-08-20T18:24:11","slug":"este-jueves-y-viernes-realizara-gobierno-municipal-expo-regreso-a-clases-2024","status":"publish","type":"post","link":"http:\/\/revistalaneta.com.mx\/?p=13289","title":{"rendered":"Este jueves y viernes realizar\u00e1 Gobierno Municipal &#8220;Expo Regreso a Clases 2024&#8221;"},"content":{"rendered":"\n<p><\/p>\n\n\n\n<p>Nuevo Laredo , Tamps.- El Gobierno Municipal llevar\u00e1 a cabo la tercera edici\u00f3n de la \u201cExpo Regreso a Clases 2024\u201d, un evento creado para facilitar a los padres de familia la compra de art\u00edculos escolares a precios accesibles.<\/p>\n\n\n\n<p>Rolando Guevara Gonz\u00e1lez, secretario de Desarrollo Econ\u00f3mico inform\u00f3 que en esta feria, los asistentes podr\u00e1n encontrar una amplia variedad de productos en un solo lugar, con descuentos que les permitir\u00e1n ahorrar en su econom\u00eda familiar.<\/p>\n\n\n\n<p>\u201cEs parte de las acciones que realizamos a\u00f1o con a\u00f1o en esta administraci\u00f3n, en coordinaci\u00f3n con comercios establecidos, para que las personas puedan hacer sus compras y aprovechar los descuentos\u201d, indic\u00f3 Guevara Gonz\u00e1lez, funcionario municipal.<\/p>\n\n\n\n<p>Destac\u00f3 que este evento se realizar\u00e1 en colaboraci\u00f3n con la C\u00e1mara Nacional de Comercio (CANACO) en la que participar\u00e1n m\u00e1s de 40 negocios formalmente establecidos.<\/p>\n\n\n\n<p>La Expo Regreso a Clases 2024 se llevar\u00e1 a cabo los d\u00edas 22 y 23 de agosto (jueves y viernes) en el Centro C\u00edvico \u201cCarlos Cant\u00fa Rosas\u201d, ubicado en H\u00e9roe de Nacataz entre Guerrero y Reynosa. Tendr\u00e1 un horario de 9:00 de la ma\u00f1ana a 8:00 de la noche.<\/p>\n\n\n\n<p>Durante la expo, se instalar\u00e1n negocios como papeler\u00edas, mercer\u00edas, zapater\u00edas, tiendas de uniformes y librer\u00edas. Los asistentes podr\u00e1n encontrar todos estos productos a precios reducidos, facilitando as\u00ed la compra de los art\u00edculos necesarios para el inicio del ciclo escolar.<\/p>\n","protected":false},"excerpt":{"rendered":"<p>Nuevo Laredo , Tamps.- El Gobierno Municipal llevar\u00e1 a cabo la tercera edici\u00f3n de la \u201cExpo Regreso a Clases 2024\u201d, un evento creado para facilitar a los padres de familia &hellip; <a href=\"http:\/\/revistalaneta.com.mx\/?p=13289\" class=\"more-link\">Leer m\u00e1s<\/a><\/p>\n","protected":false},"author":1,"featured_media":13288,"comment_status":"open","ping_status":"open","sticky":false,"template":"","format":"standard","meta":{"footnotes":""},"categories":[4],"tags":[],"class_list":["post-13289","post","type-post","status-publish","format-standard","has-post-thumbnail","hentry","category-nuevo-laredo","entry"],"_links":{"self":[{"href":"http:\/\/revistalaneta.com.mx\/index.php?rest_route=\/wp\/v2\/posts\/13289","targetHints":{"allow":["GET"]}}],"collection":[{"href":"http:\/\/revistalaneta.com.mx\/index.php?rest_route=\/wp\/v2\/posts"}],"about":[{"href":"http:\/\/revistalaneta.com.mx\/index.php?rest_route=\/wp\/v2\/types\/post"}],"author":[{"embeddable":true,"href":"http:\/\/revistalaneta.com.mx\/index.php?rest_route=\/wp\/v2\/users\/1"}],"replies":[{"embeddable":true,"href":"http:\/\/revistalaneta.com.mx\/index.php?rest_route=%2Fwp%2Fv2%2Fcomments&post=13289"}],"version-history":[{"count":1,"href":"http:\/\/revistalaneta.com.mx\/index.php?rest_route=\/wp\/v2\/posts\/13289\/revisions"}],"predecessor-version":[{"id":13290,"href":"http:\/\/revistalaneta.com.mx\/index.php?rest_route=\/wp\/v2\/posts\/13289\/revisions\/13290"}],"wp:featuredmedia":[{"embeddable":true,"href":"http:\/\/revistalaneta.com.mx\/index.php?rest_route=\/wp\/v2\/media\/13288"}],"wp:attachment":[{"href":"http:\/\/revistalaneta.com.mx\/index.php?rest_route=%2Fwp%2Fv2%2Fmedia&parent=13289"}],"wp:term":[{"taxonomy":"category","embeddable":true,"href":"http:\/\/revistalaneta.com.mx\/index.php?rest_route=%2Fwp%2Fv2%2Fcategories&post=13289"},{"taxonomy":"post_tag","embeddable":true,"href":"http:\/\/revistalaneta.com.mx\/index.php?rest_route=%2Fwp%2Fv2%2Ftags&post=13289"}],"curies":[{"name":"wp","href":"https:\/\/api.w.org\/{rel}","templated":true}]}}