{"id":13301,"date":"2024-08-20T18:32:25","date_gmt":"2024-08-20T18:32:25","guid":{"rendered":"http:\/\/revistalaneta.com.mx\/?p=13301"},"modified":"2024-08-20T18:32:40","modified_gmt":"2024-08-20T18:32:40","slug":"realiza-idpet-exitosa-jornada-de-asesorias-juridicas-en-altamira","status":"publish","type":"post","link":"http:\/\/revistalaneta.com.mx\/?p=13301","title":{"rendered":"Realiza IDPET exitosa jornada de asesor\u00edas jur\u00eddicas en Altamira"},"content":{"rendered":"\n<p><\/p>\n\n\n\n<p><\/p>\n\n\n\n<p>Altamira, Tamaulipas.- El Instituto de Defensor\u00eda P\u00fablica del Estado de Tamaulipas (IDPET), encabezado por Mariela Estefan\u00eda Zurita Lugo, llev\u00f3 a cabo con \u00e9xito la Jornada Asistencial de Asesor\u00edas Jur\u00eddicas en el municipio de Altamira. El evento, realizado en la Escuela Secundaria General No. 2 \u201cJoaqu\u00edn Contreras Cant\u00fa\u201d, congreg\u00f3 a cerca de 300 personas en busca de orientaci\u00f3n legal.<\/p>\n\n\n\n<p>Gracias a la participaci\u00f3n de un equipo de defensores y asesores p\u00fablicos altamente capacitados, se brind\u00f3 atenci\u00f3n personalizada en una amplia gama de temas legales, entre los que destacan: divorcios, pensiones alimenticias, reconocimiento de paternidad, declaraciones de ausencia, presunci\u00f3n de muerte, consignaci\u00f3n de pago, reglas de convivencia, sucesi\u00f3n intestamentaria, concubinato, y rectificaciones de actas de nacimiento, defunci\u00f3n y matrimonio, adem\u00e1s de asesor\u00eda en temas de car\u00e1cter mercantil.<\/p>\n\n\n\n<p>En el \u00e1mbito penal, se cont\u00f3 con defensores especializados que ofrecieron asesor\u00eda y orientaci\u00f3n sobre temas penales. En los casos que lo requirieron, se procedi\u00f3 a integrar una defensa legal adecuada.<\/p>\n\n\n\n<p>El IDPET reitera su compromiso de asegurar que todas las personas, especialmente aquellas en situaci\u00f3n de vulnerabilidad, tengan acceso a la justicia. Al llevar los servicios de defensor\u00eda p\u00fablica directamente a las comunidades, se fomenta el fortalecimiento del estado de derecho y la creaci\u00f3n de una sociedad m\u00e1s justa y equitativa.<\/p>\n\n\n\n<p>Al llevar a cabo esta jornada, se consolida el eje central de la administraci\u00f3n estatal, encabezada por el gobernador Am\u00e9rico Villarreal Anaya, enfocado en garantizar que todas y todos los tamaulipecos tengan las mismas oportunidades.<code> * * *<\/code><\/p>\n","protected":false},"excerpt":{"rendered":"<p>Altamira, Tamaulipas.- El Instituto de Defensor\u00eda P\u00fablica del Estado de Tamaulipas (IDPET), encabezado por Mariela Estefan\u00eda Zurita Lugo, llev\u00f3 a cabo con \u00e9xito la Jornada Asistencial de Asesor\u00edas Jur\u00eddicas en &hellip; <a href=\"http:\/\/revistalaneta.com.mx\/?p=13301\" class=\"more-link\">Leer m\u00e1s<\/a><\/p>\n","protected":false},"author":1,"featured_media":13300,"comment_status":"open","ping_status":"open","sticky":false,"template":"","format":"standard","meta":{"footnotes":""},"categories":[7,8],"tags":[],"class_list":["post-13301","post","type-post","status-publish","format-standard","has-post-thumbnail","hentry","category-ciudad-victoria","category-tamaulipas-sur","entry"],"_links":{"self":[{"href":"http:\/\/revistalaneta.com.mx\/index.php?rest_route=\/wp\/v2\/posts\/13301","targetHints":{"allow":["GET"]}}],"collection":[{"href":"http:\/\/revistalaneta.com.mx\/index.php?rest_route=\/wp\/v2\/posts"}],"about":[{"href":"http:\/\/revistalaneta.com.mx\/index.php?rest_route=\/wp\/v2\/types\/post"}],"author":[{"embeddable":true,"href":"http:\/\/revistalaneta.com.mx\/index.php?rest_route=\/wp\/v2\/users\/1"}],"replies":[{"embeddable":true,"href":"http:\/\/revistalaneta.com.mx\/index.php?rest_route=%2Fwp%2Fv2%2Fcomments&post=13301"}],"version-history":[{"count":1,"href":"http:\/\/revistalaneta.com.mx\/index.php?rest_route=\/wp\/v2\/posts\/13301\/revisions"}],"predecessor-version":[{"id":13302,"href":"http:\/\/revistalaneta.com.mx\/index.php?rest_route=\/wp\/v2\/posts\/13301\/revisions\/13302"}],"wp:featuredmedia":[{"embeddable":true,"href":"http:\/\/revistalaneta.com.mx\/index.php?rest_route=\/wp\/v2\/media\/13300"}],"wp:attachment":[{"href":"http:\/\/revistalaneta.com.mx\/index.php?rest_route=%2Fwp%2Fv2%2Fmedia&parent=13301"}],"wp:term":[{"taxonomy":"category","embeddable":true,"href":"http:\/\/revistalaneta.com.mx\/index.php?rest_route=%2Fwp%2Fv2%2Fcategories&post=13301"},{"taxonomy":"post_tag","embeddable":true,"href":"http:\/\/revistalaneta.com.mx\/index.php?rest_route=%2Fwp%2Fv2%2Ftags&post=13301"}],"curies":[{"name":"wp","href":"https:\/\/api.w.org\/{rel}","templated":true}]}}