{"id":13307,"date":"2024-08-20T18:36:41","date_gmt":"2024-08-20T18:36:41","guid":{"rendered":"http:\/\/revistalaneta.com.mx\/?p=13307"},"modified":"2024-08-20T18:37:00","modified_gmt":"2024-08-20T18:37:00","slug":"participa-itea-en-campamento-de-verano-vive-la-paz","status":"publish","type":"post","link":"http:\/\/revistalaneta.com.mx\/?p=13307","title":{"rendered":"Participa ITEA en Campamento de Verano &#8220;Vive la Paz&#8221;"},"content":{"rendered":"\n<p><\/p>\n\n\n\n<ul class=\"wp-block-list\">\n<li>Personal del Instituto realiz\u00f3 un c\u00edrculo de lectura y la representaci\u00f3n esc\u00e9nica del cuento \u201cCaperucita Roja\u201d en las instalaciones del Centro de Bienestar de la colonia Luis Echeverr\u00eda<\/li>\n<\/ul>\n\n\n\n<p><\/p>\n\n\n\n<p>Ciudad Victoria, Tamaulipas.\u2013 Con la finalidad de realizar actividades culturales y educativas que brinden aprendizaje a ni\u00f1as, ni\u00f1os y adolescentes, el Instituto Tamaulipeco de Educaci\u00f3n para Adultos (ITEA), por invitaci\u00f3n del Sistema para el Desarrollo Integral de la Familia (DIF) Tamaulipas, particip\u00f3 en el Campamento de Verano \u201cVive la Paz\u201d.<\/p>\n\n\n\n<p>Durante los \u00faltimos d\u00edas de este campamento, personal de oficinas estatales del ITEA, por instrucci\u00f3n de la titular de la SET, Luc\u00eda Aim\u00e9 Castillo Pastor, en observancia de la pol\u00edtica educativa aplicada por el Gobierno del Estado, que dirige Am\u00e9rico Villarreal Anaya, realiz\u00f3 un c\u00edrculo de lectura y la representaci\u00f3n esc\u00e9nica del cuento \u201cCaperucita Roja\u201d en las instalaciones del Centro de Bienestar de la colonia Luis Echeverr\u00eda de Ciudad Victoria.<\/p>\n\n\n\n<p>Otro de los prop\u00f3sitos del Instituto Tamaulipeco de Educaci\u00f3n para Adultos en su participaci\u00f3n en el campamento de verano, era el despertar la curiosidad y fomentar la investigaci\u00f3n y an\u00e1lisis de la lectura y escritura entre las y los integrantes de las familias tamaulipecas.<\/p>\n\n\n\n<p>Durante la escenificaci\u00f3n estuvieron presentes Alejandro Vargas Rodr\u00edguez, secretario t\u00e9cnico del ITEA, en representaci\u00f3n de la directora general, Gloria Guadalupe Gonz\u00e1lez Gonz\u00e1lez, as\u00ed como personal directivo de diferentes \u00e1reas del propio instituto y del Sistema DIF Tamaulipas.<\/p>\n\n\n\n<p>Cabe destacar que en el Centro de Bienestar de la colonia Luis Echeverr\u00eda se brinda de manera gratuita atenci\u00f3n educativa de alfabetizaci\u00f3n para primaria y secundaria a personas de 15 a\u00f1os en adelante, estudios que cuentan con validez oficial, en un horario de lunes a jueves de 9:00 a 13:00 horas.<code> * * *<\/code><\/p>\n","protected":false},"excerpt":{"rendered":"<p>Ciudad Victoria, Tamaulipas.\u2013 Con la finalidad de realizar actividades culturales y educativas que brinden aprendizaje a ni\u00f1as, ni\u00f1os y adolescentes, el Instituto Tamaulipeco de Educaci\u00f3n para Adultos (ITEA), por invitaci\u00f3n &hellip; <a href=\"http:\/\/revistalaneta.com.mx\/?p=13307\" class=\"more-link\">Leer m\u00e1s<\/a><\/p>\n","protected":false},"author":1,"featured_media":13306,"comment_status":"open","ping_status":"open","sticky":false,"template":"","format":"standard","meta":{"footnotes":""},"categories":[7],"tags":[],"class_list":["post-13307","post","type-post","status-publish","format-standard","has-post-thumbnail","hentry","category-ciudad-victoria","entry"],"_links":{"self":[{"href":"http:\/\/revistalaneta.com.mx\/index.php?rest_route=\/wp\/v2\/posts\/13307","targetHints":{"allow":["GET"]}}],"collection":[{"href":"http:\/\/revistalaneta.com.mx\/index.php?rest_route=\/wp\/v2\/posts"}],"about":[{"href":"http:\/\/revistalaneta.com.mx\/index.php?rest_route=\/wp\/v2\/types\/post"}],"author":[{"embeddable":true,"href":"http:\/\/revistalaneta.com.mx\/index.php?rest_route=\/wp\/v2\/users\/1"}],"replies":[{"embeddable":true,"href":"http:\/\/revistalaneta.com.mx\/index.php?rest_route=%2Fwp%2Fv2%2Fcomments&post=13307"}],"version-history":[{"count":1,"href":"http:\/\/revistalaneta.com.mx\/index.php?rest_route=\/wp\/v2\/posts\/13307\/revisions"}],"predecessor-version":[{"id":13308,"href":"http:\/\/revistalaneta.com.mx\/index.php?rest_route=\/wp\/v2\/posts\/13307\/revisions\/13308"}],"wp:featuredmedia":[{"embeddable":true,"href":"http:\/\/revistalaneta.com.mx\/index.php?rest_route=\/wp\/v2\/media\/13306"}],"wp:attachment":[{"href":"http:\/\/revistalaneta.com.mx\/index.php?rest_route=%2Fwp%2Fv2%2Fmedia&parent=13307"}],"wp:term":[{"taxonomy":"category","embeddable":true,"href":"http:\/\/revistalaneta.com.mx\/index.php?rest_route=%2Fwp%2Fv2%2Fcategories&post=13307"},{"taxonomy":"post_tag","embeddable":true,"href":"http:\/\/revistalaneta.com.mx\/index.php?rest_route=%2Fwp%2Fv2%2Ftags&post=13307"}],"curies":[{"name":"wp","href":"https:\/\/api.w.org\/{rel}","templated":true}]}}