{"id":13310,"date":"2024-08-20T18:38:43","date_gmt":"2024-08-20T18:38:43","guid":{"rendered":"http:\/\/revistalaneta.com.mx\/?p=13310"},"modified":"2024-08-20T18:39:27","modified_gmt":"2024-08-20T18:39:27","slug":"culmina-campamento-de-verano-en-centro-cultural","status":"publish","type":"post","link":"http:\/\/revistalaneta.com.mx\/?p=13310","title":{"rendered":"Culmina campamento de verano en Centro Cultural"},"content":{"rendered":"\n<p><\/p>\n\n\n\n<p>Nuevo Laredo, Tamps.- El Gobierno Municipal a trav\u00e9s de la Direcci\u00f3n de Arte y Cultura ofreci\u00f3 un campamento de verano en el Centro Cultural denominado \u201cB\u00fasqueda del Tesoro y la Obra Maestra\u201d en el que 30 ni\u00f1as y ni\u00f1os aprendieron sobre datos hist\u00f3ricos de M\u00e9xico, origen de los museos, arqueolog\u00eda y m\u00e1s.<\/p>\n\n\n\n<p>Durante esta actividad, los participantes realizaron un rally por el recinto y con ayuda de mapas, los menores buscaron un tesoro mediante acertijos que dieron pie al hallazgo y a su vez, aprendieron sobre las primeras civilizaciones en M\u00e9xico.<\/p>\n\n\n\n<p>La Jefa del Museo de Historia Natural, Jaquelin Galaviz P\u00e9rez, inform\u00f3 que tanto la secci\u00f3n hist\u00f3rica qu\u00e9 dirige, como el art\u00edstico \u201cReyes Meza\u201d, organizaron actividades sobre pintura, manualidades y otras informativas sobre el M\u00e9xico prehisp\u00e1nico.<\/p>\n\n\n\n<p>\u201cHablamos sobre el mito del Quinto Sol y la Creaci\u00f3n del Hombre por el dios Quetzalc\u00f3atl, y se logr\u00f3 que los ni\u00f1os se interesaran y reconocieran las deidades del antiguo M\u00e9xico\u201d, recalc\u00f3.<\/p>\n\n\n\n<p>Destac\u00f3 que durante una semana se trabaj\u00f3 con los menores en base a mitos y leyendas para concluir el campamento con la b\u00fasqueda del tesoro que se bas\u00f3 en los dioses prehisp\u00e1nicos.<\/p>\n\n\n\n<p>El campamento fue dirigido a menores de 6 a 10 a\u00f1os de edad y desde el 12 hasta el 16 de agosto con un horario de 9:00 AM a 12:00 PM, acudieron a las instalaciones del Centro Cultural.<\/p>\n","protected":false},"excerpt":{"rendered":"<p>Nuevo Laredo, Tamps.- El Gobierno Municipal a trav\u00e9s de la Direcci\u00f3n de Arte y Cultura ofreci\u00f3 un campamento de verano en el Centro Cultural denominado \u201cB\u00fasqueda del Tesoro y la &hellip; <a href=\"http:\/\/revistalaneta.com.mx\/?p=13310\" class=\"more-link\">Leer m\u00e1s<\/a><\/p>\n","protected":false},"author":1,"featured_media":13309,"comment_status":"open","ping_status":"open","sticky":false,"template":"","format":"standard","meta":{"footnotes":""},"categories":[4],"tags":[],"class_list":["post-13310","post","type-post","status-publish","format-standard","has-post-thumbnail","hentry","category-nuevo-laredo","entry"],"_links":{"self":[{"href":"http:\/\/revistalaneta.com.mx\/index.php?rest_route=\/wp\/v2\/posts\/13310","targetHints":{"allow":["GET"]}}],"collection":[{"href":"http:\/\/revistalaneta.com.mx\/index.php?rest_route=\/wp\/v2\/posts"}],"about":[{"href":"http:\/\/revistalaneta.com.mx\/index.php?rest_route=\/wp\/v2\/types\/post"}],"author":[{"embeddable":true,"href":"http:\/\/revistalaneta.com.mx\/index.php?rest_route=\/wp\/v2\/users\/1"}],"replies":[{"embeddable":true,"href":"http:\/\/revistalaneta.com.mx\/index.php?rest_route=%2Fwp%2Fv2%2Fcomments&post=13310"}],"version-history":[{"count":1,"href":"http:\/\/revistalaneta.com.mx\/index.php?rest_route=\/wp\/v2\/posts\/13310\/revisions"}],"predecessor-version":[{"id":13311,"href":"http:\/\/revistalaneta.com.mx\/index.php?rest_route=\/wp\/v2\/posts\/13310\/revisions\/13311"}],"wp:featuredmedia":[{"embeddable":true,"href":"http:\/\/revistalaneta.com.mx\/index.php?rest_route=\/wp\/v2\/media\/13309"}],"wp:attachment":[{"href":"http:\/\/revistalaneta.com.mx\/index.php?rest_route=%2Fwp%2Fv2%2Fmedia&parent=13310"}],"wp:term":[{"taxonomy":"category","embeddable":true,"href":"http:\/\/revistalaneta.com.mx\/index.php?rest_route=%2Fwp%2Fv2%2Fcategories&post=13310"},{"taxonomy":"post_tag","embeddable":true,"href":"http:\/\/revistalaneta.com.mx\/index.php?rest_route=%2Fwp%2Fv2%2Ftags&post=13310"}],"curies":[{"name":"wp","href":"https:\/\/api.w.org\/{rel}","templated":true}]}}