{"id":13319,"date":"2024-08-20T18:47:07","date_gmt":"2024-08-20T18:47:07","guid":{"rendered":"http:\/\/revistalaneta.com.mx\/?p=13319"},"modified":"2024-08-20T18:47:15","modified_gmt":"2024-08-20T18:47:15","slug":"anam-la-mayor-inversion-del-gobierno-federal-en-nuevo-laredo","status":"publish","type":"post","link":"http:\/\/revistalaneta.com.mx\/?p=13319","title":{"rendered":"ANAM, LA MAYOR INVERSI\u00d3N DEL GOBIERNO FEDERAL EN NUEVO LAREDO"},"content":{"rendered":"\n<p><\/p>\n\n\n\n<p>-Se inaugurar\u00e1 el 21 de septiembre<\/p>\n\n\n\n<p>-Este s\u00e1bado habr\u00e1 \u201ccampechaneada\u201d<\/p>\n\n\n\n<p>-Polic\u00eda de Colombia capacita a guardias estatales<\/p>\n\n\n\n<p>Tiempo de opinar<\/p>\n\n\n\n<p>Ra\u00fal Hern\u00e1ndez Moreno<\/p>\n\n\n\n<p>16-agosto-2024<\/p>\n\n\n\n<p>Los dos presidentes de M\u00e9xico, Andr\u00e9s Manuel L\u00f3pez Obrador y Claudia Sheinbaum Pardo, estar\u00e1n el 21 de septiembre en Nuevo Laredo, para que el primero inaugure las obras inconclusas de la Agencia Nacional de Aduanas de M\u00e9xico.<\/p>\n\n\n\n<p>Ni de chiste se lograr\u00e1 terminar las obras para esa fecha. Sin ser ingeniero civil ni especialista en construcci\u00f3n, a simple vista, se puede decir que las obras tardar\u00e1n entre 6 y 12 meses m\u00e1s y que el costo inicialmente programado de cuatro mil millones terminar\u00e1 a mucho m\u00e1s del doble, entre ocho a doce mil millones de pesos.<\/p>\n\n\n\n<p>Cientos de trabajadores de la construcci\u00f3n, venidos de otros estados, porque no se tuvo confianza en los locales, trabajan a marchas forzadas en m\u00e1s de una docena de edificios que se construyen en un predio de 27 hect\u00e1reas.<\/p>\n\n\n\n<p>Hay trabajadores distribuidos en todos los edificios en construcci\u00f3n, lo que provoca que ninguno se termine.<\/p>\n\n\n\n<p>Con la terminaci\u00f3n del sexenio habr\u00e1 quien crea que se pone en riesgo la continuidad de las obras de la ANAM, pero el hecho de que los dos presidentes que en estos momentos tiene M\u00e9xico, uno en funciones y otro electo, vayan a estar presentes el 21 de septiembre, genera la confianza de que la obra s\u00ed se terminar\u00e1.<\/p>\n\n\n\n<p>Lo que si es un hecho es que en Nuevo Laredo funcionar\u00e1 un \u00e1rea de la ANAM, no la ANAM en s\u00ed.<\/p>\n\n\n\n<p>En su campa\u00f1a electoral, L\u00f3pez Obrador prometi\u00f3 descentralizar al gobierno, mudar todas las secretar\u00edas de la CdMx a otros estados, pero todo fue saliva. Al final lo \u00fanico que se mud\u00f3 de verdad fue Capufe, a la ciudad de Quer\u00e9taro, en tanto que en Puebla se instal\u00f3 una oficina de la SEP, que es mero membrete.<\/p>\n\n\n\n<p>Lo que s\u00ed es verdad es que la inversi\u00f3n en las obras de la ANAM convierte al sexenio de AMLO en el que m\u00e1s ha invertido en Nuevo Laredo, en varias d\u00e9cadas, aunque por supuesto, no es posible comparar la inversi\u00f3n y el beneficio con el puente II en 1976 o con el puente III, en el 2000, que se construy\u00f3 con cr\u00e9ditos tramitados en su momento por el entonces acalde Horacio Garza Garza. Fue una obra municipal, es cierto, pero fue posible por la autorizaci\u00f3n del gobierno federal.<\/p>\n\n\n\n<p>En otro tema, este s\u00e1bado 17, el Instituto Municipal para el Desarrollo de la Juventud, organiza una \u201ccampechaneada\u201d, para celebrar el D\u00eda Internacional de la Juventud.<\/p>\n\n\n\n<p>El festejo se efectuar\u00e1 por la calle Campeche, en el tramo de Guerrero a Lerdo de Tejada, con la participaci\u00f3n de 40 j\u00f3venes emprendedores. Adem\u00e1s. habr\u00e1 m\u00fasica en vivo, con bandas locales del g\u00e9nero regional mexicano, exhibici\u00f3n de autos, motocicletas, lowrider, skaters y m\u00e1s.<\/p>\n\n\n\n<p>Las actividades inician a las ocho de la noche y es un evento abierto al p\u00fablico en general que quiera escuchar m\u00fasica, cenar, disfrutar de antojitos, pasar un rato divertido.<\/p>\n\n\n\n<p>En otro tema, con una ceremonia de honores y entrega de constancias, la Secretar\u00eda de Seguridad P\u00fablica de Tamaulipas (SSPT) clausur\u00f3 el Curso de An\u00e1lisis y Procesamiento del Lugar de los Hechos impartido por personal de la Polic\u00eda Nacional de Colombia a 29 integrantes de la Guardia Estatal.<\/p>\n\n\n\n<p>La ceremonia fue presidida por el subsecretario de Operaciones de la Guardia<\/p>\n\n\n\n<p>Estatal, Alex Melgarejo Torres, quien extendi\u00f3 un reconocimiento a las y los<\/p>\n\n\n\n<p>guardias estatales que tomaron esta capacitaci\u00f3n y a los instructores, Intendente<\/p>\n\n\n\n<p>La ceremonia cont\u00f3 con la presencia del director del Consejo de Desarrollo Policial de la SSPT, Luis Eduardo Ibarra Cuevas y de instructores capacitadores de la Rep\u00fablica de Colombia.&nbsp;<\/p>\n\n\n\n<p>A trav\u00e9s de esta cooperaci\u00f3n internacional, la SSPT brinda herramientas a la<\/p>\n\n\n\n<p>Guardia Estatal para mejorar el desempe\u00f1o de sus funciones y crear estrategias<\/p>\n\n\n\n<p>que contribuyan a la eficiencia de la labor para beneficio de la ciudadan\u00eda en<\/p>\n\n\n\n<p>general.<\/p>\n","protected":false},"excerpt":{"rendered":"<p>-Se inaugurar\u00e1 el 21 de septiembre -Este s\u00e1bado habr\u00e1 \u201ccampechaneada\u201d -Polic\u00eda de Colombia capacita a guardias estatales Tiempo de opinar Ra\u00fal Hern\u00e1ndez Moreno 16-agosto-2024 Los dos presidentes de M\u00e9xico, Andr\u00e9s &hellip; <a href=\"http:\/\/revistalaneta.com.mx\/?p=13319\" class=\"more-link\">Leer m\u00e1s<\/a><\/p>\n","protected":false},"author":1,"featured_media":13318,"comment_status":"open","ping_status":"open","sticky":false,"template":"","format":"standard","meta":{"footnotes":""},"categories":[2],"tags":[],"class_list":["post-13319","post","type-post","status-publish","format-standard","has-post-thumbnail","hentry","category-chismorreo","entry"],"_links":{"self":[{"href":"http:\/\/revistalaneta.com.mx\/index.php?rest_route=\/wp\/v2\/posts\/13319","targetHints":{"allow":["GET"]}}],"collection":[{"href":"http:\/\/revistalaneta.com.mx\/index.php?rest_route=\/wp\/v2\/posts"}],"about":[{"href":"http:\/\/revistalaneta.com.mx\/index.php?rest_route=\/wp\/v2\/types\/post"}],"author":[{"embeddable":true,"href":"http:\/\/revistalaneta.com.mx\/index.php?rest_route=\/wp\/v2\/users\/1"}],"replies":[{"embeddable":true,"href":"http:\/\/revistalaneta.com.mx\/index.php?rest_route=%2Fwp%2Fv2%2Fcomments&post=13319"}],"version-history":[{"count":1,"href":"http:\/\/revistalaneta.com.mx\/index.php?rest_route=\/wp\/v2\/posts\/13319\/revisions"}],"predecessor-version":[{"id":13320,"href":"http:\/\/revistalaneta.com.mx\/index.php?rest_route=\/wp\/v2\/posts\/13319\/revisions\/13320"}],"wp:featuredmedia":[{"embeddable":true,"href":"http:\/\/revistalaneta.com.mx\/index.php?rest_route=\/wp\/v2\/media\/13318"}],"wp:attachment":[{"href":"http:\/\/revistalaneta.com.mx\/index.php?rest_route=%2Fwp%2Fv2%2Fmedia&parent=13319"}],"wp:term":[{"taxonomy":"category","embeddable":true,"href":"http:\/\/revistalaneta.com.mx\/index.php?rest_route=%2Fwp%2Fv2%2Fcategories&post=13319"},{"taxonomy":"post_tag","embeddable":true,"href":"http:\/\/revistalaneta.com.mx\/index.php?rest_route=%2Fwp%2Fv2%2Ftags&post=13319"}],"curies":[{"name":"wp","href":"https:\/\/api.w.org\/{rel}","templated":true}]}}