{"id":13355,"date":"2024-08-21T12:40:28","date_gmt":"2024-08-21T12:40:28","guid":{"rendered":"http:\/\/revistalaneta.com.mx\/?p=13355"},"modified":"2024-08-21T12:40:55","modified_gmt":"2024-08-21T12:40:55","slug":"redobla-guardia-estatal-vigilancia-previo-al-cierre-del-periodo-vacacional-de-verano","status":"publish","type":"post","link":"http:\/\/revistalaneta.com.mx\/?p=13355","title":{"rendered":"Redobla Guardia Estatal vigilancia previo al cierre del periodo vacacional de verano"},"content":{"rendered":"\n<p><\/p>\n\n\n\n<p><\/p>\n\n\n\n<p>Ciudad Victoria, Tamaulipas.- Ante el aumento de movilidad en la entidad por la pr\u00f3xima conclusi\u00f3n del periodo vacacional de Verano 2024, personal de la Guardia Estatal en las 11 delegaciones regionales y 43 coordinaciones municipales redobla la vigilancia para prevenir y atender situaciones de emergencia y actos delictivos.<\/p>\n\n\n\n<p>Adem\u00e1s de la presencia en sitios tur\u00edsticos y carreteras, elementos de esta corporaci\u00f3n vigilan las zonas comerciales, priorizando establecimientos dedicados a la venta de art\u00edculos escolares, uniformes y calzado con el objetivo de brindar seguridad a las personas que participan en las compras del regreso a clases.<\/p>\n\n\n\n<p>En lo que respecta a las carreteras, el personal de la Guardia Estatal de Apoyo Carretero, a trav\u00e9s de las 25 Estaciones Seguras mantiene la proximidad y auxilia a conductores ante fallas mec\u00e1nicas, accidentes, entre otras emergencias.<\/p>\n\n\n\n<p>En estas tareas coadyuvan las y los Guardias Estatales de Tr\u00e1nsito, quienes se encuentran vigilantes en tramos carreteros de jurisdicci\u00f3n estatal; desde esta trinchera, por instrucciones del gobernador, Am\u00e9rico Villarreal Anaya, trabajan en la prevenci\u00f3n de accidentes a trav\u00e9s de la promoci\u00f3n de la cultura vial.<\/p>\n\n\n\n<p>La Secretar\u00eda de Seguridad P\u00fablica de Tamaulipas (SSPT) a trav\u00e9s de la Guardia Estatal trabaja en coordinaci\u00f3n con instituciones de los tres \u00f3rdenes de gobierno para salvaguardar la integridad de las y los tamaulipecos en su tr\u00e1nsito por la entidad.<\/p>\n","protected":false},"excerpt":{"rendered":"<p>Ciudad Victoria, Tamaulipas.- Ante el aumento de movilidad en la entidad por la pr\u00f3xima conclusi\u00f3n del periodo vacacional de Verano 2024, personal de la Guardia Estatal en las 11 delegaciones &hellip; <a href=\"http:\/\/revistalaneta.com.mx\/?p=13355\" class=\"more-link\">Leer m\u00e1s<\/a><\/p>\n","protected":false},"author":1,"featured_media":13354,"comment_status":"open","ping_status":"open","sticky":false,"template":"","format":"standard","meta":{"footnotes":""},"categories":[7],"tags":[],"class_list":["post-13355","post","type-post","status-publish","format-standard","has-post-thumbnail","hentry","category-ciudad-victoria","entry"],"_links":{"self":[{"href":"http:\/\/revistalaneta.com.mx\/index.php?rest_route=\/wp\/v2\/posts\/13355","targetHints":{"allow":["GET"]}}],"collection":[{"href":"http:\/\/revistalaneta.com.mx\/index.php?rest_route=\/wp\/v2\/posts"}],"about":[{"href":"http:\/\/revistalaneta.com.mx\/index.php?rest_route=\/wp\/v2\/types\/post"}],"author":[{"embeddable":true,"href":"http:\/\/revistalaneta.com.mx\/index.php?rest_route=\/wp\/v2\/users\/1"}],"replies":[{"embeddable":true,"href":"http:\/\/revistalaneta.com.mx\/index.php?rest_route=%2Fwp%2Fv2%2Fcomments&post=13355"}],"version-history":[{"count":1,"href":"http:\/\/revistalaneta.com.mx\/index.php?rest_route=\/wp\/v2\/posts\/13355\/revisions"}],"predecessor-version":[{"id":13356,"href":"http:\/\/revistalaneta.com.mx\/index.php?rest_route=\/wp\/v2\/posts\/13355\/revisions\/13356"}],"wp:featuredmedia":[{"embeddable":true,"href":"http:\/\/revistalaneta.com.mx\/index.php?rest_route=\/wp\/v2\/media\/13354"}],"wp:attachment":[{"href":"http:\/\/revistalaneta.com.mx\/index.php?rest_route=%2Fwp%2Fv2%2Fmedia&parent=13355"}],"wp:term":[{"taxonomy":"category","embeddable":true,"href":"http:\/\/revistalaneta.com.mx\/index.php?rest_route=%2Fwp%2Fv2%2Fcategories&post=13355"},{"taxonomy":"post_tag","embeddable":true,"href":"http:\/\/revistalaneta.com.mx\/index.php?rest_route=%2Fwp%2Fv2%2Ftags&post=13355"}],"curies":[{"name":"wp","href":"https:\/\/api.w.org\/{rel}","templated":true}]}}