{"id":13388,"date":"2024-08-23T13:33:13","date_gmt":"2024-08-23T13:33:13","guid":{"rendered":"http:\/\/revistalaneta.com.mx\/?p=13388"},"modified":"2024-08-23T13:33:34","modified_gmt":"2024-08-23T13:33:34","slug":"inaugura-gobierno-municipal-expo-regreso-a-clases-2024","status":"publish","type":"post","link":"http:\/\/revistalaneta.com.mx\/?p=13388","title":{"rendered":"Inaugura Gobierno Municipal &#8220;Expo Regreso a Clases 2024&#8221;"},"content":{"rendered":"\n<p><\/p>\n\n\n\n<p>Nuevo Laredo, Tamps.- Con la finalidad de reducir los gastos que conlleva el ciclo escolar entrante, el Gobierno Municipal, por medio de la Secretar\u00eda de Desarrollo Econ\u00f3mico, llev\u00f3 a cabo la \u201cExpo Regreso a Clases 2024\u201d, en la que participaron m\u00e1s de 45 expositores locales que ofertan diversidad de art\u00edculos con descuentos del 10% y otras promociones.<\/p>\n\n\n\n<p>Los emprendedores, a quienes se les ofreci\u00f3 un espacio dentro del Centro C\u00edvico para exponer su variedad de productos, ofertan art\u00edculos de papeler\u00eda, calzado, \u00fatiles escolares, mochilas, libros, cuadernos y dem\u00e1s.<\/p>\n\n\n\n<p>Anah\u00ed Cruz, locataria, expres\u00f3 que este tipo de actividades significan una oportunidad para los emprendedores para darse a conocer mediante el contacto directo con el p\u00fablico y por redes sociales.<\/p>\n\n\n\n<p>\u201cEs un evento en el que ganamos todos, sobre todo cuando se realizan tem\u00e1ticos porque as\u00ed todos ofertamos lo que est\u00e1 en tendencia o lo que necesita la gente en el momento, en este caso los \u00fatiles escolares y dem\u00e1s, nosotros como emprendedores no podemos desaprovechar esta oportunidad\u201d, destac\u00f3.<\/p>\n\n\n\n<p>Por su parte, Sarah\u00ed Cruz, encargada de una papeler\u00eda, invit\u00f3 a la ciudadan\u00eda a que acudan a esta expo en la que podr\u00e1n encontrar todo lo necesario de acuerdo a la lista de \u00fatiles escolares de los alumnos.<\/p>\n\n\n\n<p>\u201cTodos nos beneficiamos, nosotros porque tenemos ventas y la ciudadan\u00eda satisface sus necesidades; agradezco a la alcaldesa Carmen Lilia Canturosas por estos espacios que nos brinda y la oportunidad de crecer como negocio\u201d, manifest\u00f3.<\/p>\n\n\n\n<p>La \u201cExpo Regreso a Clases 2024\u201d estar\u00e1 disponible hoy hasta las 8:00 PM y ma\u00f1ana desde las 9:00 AM hasta las 8:00 PM, igualmente en el Centro C\u00edvico.<\/p>\n","protected":false},"excerpt":{"rendered":"<p>Nuevo Laredo, Tamps.- Con la finalidad de reducir los gastos que conlleva el ciclo escolar entrante, el Gobierno Municipal, por medio de la Secretar\u00eda de Desarrollo Econ\u00f3mico, llev\u00f3 a cabo &hellip; <a href=\"http:\/\/revistalaneta.com.mx\/?p=13388\" class=\"more-link\">Leer m\u00e1s<\/a><\/p>\n","protected":false},"author":1,"featured_media":13387,"comment_status":"open","ping_status":"open","sticky":false,"template":"","format":"standard","meta":{"footnotes":""},"categories":[4],"tags":[],"class_list":["post-13388","post","type-post","status-publish","format-standard","has-post-thumbnail","hentry","category-nuevo-laredo","entry"],"_links":{"self":[{"href":"http:\/\/revistalaneta.com.mx\/index.php?rest_route=\/wp\/v2\/posts\/13388","targetHints":{"allow":["GET"]}}],"collection":[{"href":"http:\/\/revistalaneta.com.mx\/index.php?rest_route=\/wp\/v2\/posts"}],"about":[{"href":"http:\/\/revistalaneta.com.mx\/index.php?rest_route=\/wp\/v2\/types\/post"}],"author":[{"embeddable":true,"href":"http:\/\/revistalaneta.com.mx\/index.php?rest_route=\/wp\/v2\/users\/1"}],"replies":[{"embeddable":true,"href":"http:\/\/revistalaneta.com.mx\/index.php?rest_route=%2Fwp%2Fv2%2Fcomments&post=13388"}],"version-history":[{"count":1,"href":"http:\/\/revistalaneta.com.mx\/index.php?rest_route=\/wp\/v2\/posts\/13388\/revisions"}],"predecessor-version":[{"id":13389,"href":"http:\/\/revistalaneta.com.mx\/index.php?rest_route=\/wp\/v2\/posts\/13388\/revisions\/13389"}],"wp:featuredmedia":[{"embeddable":true,"href":"http:\/\/revistalaneta.com.mx\/index.php?rest_route=\/wp\/v2\/media\/13387"}],"wp:attachment":[{"href":"http:\/\/revistalaneta.com.mx\/index.php?rest_route=%2Fwp%2Fv2%2Fmedia&parent=13388"}],"wp:term":[{"taxonomy":"category","embeddable":true,"href":"http:\/\/revistalaneta.com.mx\/index.php?rest_route=%2Fwp%2Fv2%2Fcategories&post=13388"},{"taxonomy":"post_tag","embeddable":true,"href":"http:\/\/revistalaneta.com.mx\/index.php?rest_route=%2Fwp%2Fv2%2Ftags&post=13388"}],"curies":[{"name":"wp","href":"https:\/\/api.w.org\/{rel}","templated":true}]}}