{"id":13391,"date":"2024-08-23T16:03:46","date_gmt":"2024-08-23T16:03:46","guid":{"rendered":"http:\/\/revistalaneta.com.mx\/?p=13391"},"modified":"2024-08-23T16:04:15","modified_gmt":"2024-08-23T16:04:15","slug":"presente-tamaulipas-en-ibtm-americas-el-maximo-evento-de-la-industria-de-reuniones","status":"publish","type":"post","link":"http:\/\/revistalaneta.com.mx\/?p=13391","title":{"rendered":"Presente Tamaulipas en IBTM Americas, el m\u00e1ximo evento de la industria de reuniones"},"content":{"rendered":"\n<p><\/p>\n\n\n\n<ul class=\"wp-block-list\">\n<li>Un escaparate nacional e internacional con 470 expositores, m\u00e1s de 3 mil asistentes especialistas y 238 citas de negocios en agenda tamaulipeca<\/li>\n<\/ul>\n\n\n\n<p><\/p>\n\n\n\n<p>Ciudad de M\u00e9xico.- Al lado de pa\u00edses como Brasil, Panam\u00e1, Rep\u00fablica Dominicana y entidades como, Oaxaca y Chiapas entre otras m\u00e1s, Tamaulipas muestra su fortaleza en turismo al participar en el IBTM Americas.<\/p>\n\n\n\n<p>En abierta promoci\u00f3n tur\u00edstica, por su gran infraestructura, atenci\u00f3n y servicio al visitante, as\u00ed como sus destinos tur\u00edsticos, el gobierno de Tamaulipas a trav\u00e9s de la Secretar\u00eda de Turismo presenta su riqueza natural, hist\u00f3rica, cultural y gastron\u00f3mica, en el evento m\u00e1s importante para la industria de reuniones y eventos en Am\u00e9rica Latina, que se realiza este mi\u00e9rcoles y jueves en el Centro Citibanamex de la Ciudad de M\u00e9xico.<\/p>\n\n\n\n<p>Benjam\u00edn Hern\u00e1ndez Rodr\u00edguez, secretario de Turismo en Tamaulipas destac\u00f3 que est\u00e1n enfocados en seguir con la promoci\u00f3n al estado como un destino de primer nivel para congresos, conferencias y eventos corporativos, con un plus extra a trav\u00e9s de los destinos tur\u00edsticos.<\/p>\n\n\n\n<p>\u201cTal como ha sucedido en otros eventos, esperamos grandes resultados, tenemos 238 citas de negocios en agenda y estamos estableciendo conexiones, promoviendo as\u00ed, el crecimiento y la diversificaci\u00f3n del turismo en la entidad\u201d, se\u00f1al\u00f3.<\/p>\n\n\n\n<p>Refiri\u00f3 que Tamaulipas tiene un gran desarrollo tur\u00edstico, con infraestructura y capacidad de personal para atender grandes eventos, tanto en el sur, en el centro y en el norte del estado, con el agregado de sus polos tur\u00edsticos.<\/p>\n\n\n\n<p>Explic\u00f3 que el gobernador Am\u00e9rico Villarreal Anaya desde su arribo a la administraci\u00f3n de Tamaulipas, fortalece y trabaja impulsando al sector.<\/p>\n\n\n\n<p>\u201cPor ello, con nuestra participaci\u00f3n en IBTM Americas buscamos fortalecer nuestro posicionamiento en el mercado de reuniones y eventos, atrayendo a organizadores y profesionales del sector\u201d, indic\u00f3.<\/p>\n\n\n\n<p>El acto inaugural a cargo de Eleonora Garc\u00eda, directora general del IBTM Americas; estuvieron presentes Michel Wohlmuth, presidente del COMIR; Le Roy Barrag\u00e1n, secretario de Turismo de Zacatecas; Ricardo Velarde de Sinaloa; Juan Jos\u00e9 \u00c1lvarez Brunel de Guanajuato, entre otros m\u00e1s.<code> * * *<\/code><\/p>\n","protected":false},"excerpt":{"rendered":"<p>Ciudad de M\u00e9xico.- Al lado de pa\u00edses como Brasil, Panam\u00e1, Rep\u00fablica Dominicana y entidades como, Oaxaca y Chiapas entre otras m\u00e1s, Tamaulipas muestra su fortaleza en turismo al participar en &hellip; <a href=\"http:\/\/revistalaneta.com.mx\/?p=13391\" class=\"more-link\">Leer m\u00e1s<\/a><\/p>\n","protected":false},"author":1,"featured_media":13390,"comment_status":"open","ping_status":"open","sticky":false,"template":"","format":"standard","meta":{"footnotes":""},"categories":[6],"tags":[],"class_list":["post-13391","post","type-post","status-publish","format-standard","has-post-thumbnail","hentry","category-destacado","entry"],"_links":{"self":[{"href":"http:\/\/revistalaneta.com.mx\/index.php?rest_route=\/wp\/v2\/posts\/13391","targetHints":{"allow":["GET"]}}],"collection":[{"href":"http:\/\/revistalaneta.com.mx\/index.php?rest_route=\/wp\/v2\/posts"}],"about":[{"href":"http:\/\/revistalaneta.com.mx\/index.php?rest_route=\/wp\/v2\/types\/post"}],"author":[{"embeddable":true,"href":"http:\/\/revistalaneta.com.mx\/index.php?rest_route=\/wp\/v2\/users\/1"}],"replies":[{"embeddable":true,"href":"http:\/\/revistalaneta.com.mx\/index.php?rest_route=%2Fwp%2Fv2%2Fcomments&post=13391"}],"version-history":[{"count":1,"href":"http:\/\/revistalaneta.com.mx\/index.php?rest_route=\/wp\/v2\/posts\/13391\/revisions"}],"predecessor-version":[{"id":13392,"href":"http:\/\/revistalaneta.com.mx\/index.php?rest_route=\/wp\/v2\/posts\/13391\/revisions\/13392"}],"wp:featuredmedia":[{"embeddable":true,"href":"http:\/\/revistalaneta.com.mx\/index.php?rest_route=\/wp\/v2\/media\/13390"}],"wp:attachment":[{"href":"http:\/\/revistalaneta.com.mx\/index.php?rest_route=%2Fwp%2Fv2%2Fmedia&parent=13391"}],"wp:term":[{"taxonomy":"category","embeddable":true,"href":"http:\/\/revistalaneta.com.mx\/index.php?rest_route=%2Fwp%2Fv2%2Fcategories&post=13391"},{"taxonomy":"post_tag","embeddable":true,"href":"http:\/\/revistalaneta.com.mx\/index.php?rest_route=%2Fwp%2Fv2%2Ftags&post=13391"}],"curies":[{"name":"wp","href":"https:\/\/api.w.org\/{rel}","templated":true}]}}