{"id":13394,"date":"2024-08-23T16:37:40","date_gmt":"2024-08-23T16:37:40","guid":{"rendered":"http:\/\/revistalaneta.com.mx\/?p=13394"},"modified":"2024-08-23T16:38:00","modified_gmt":"2024-08-23T16:38:00","slug":"lleva-cineteca-tamaulipas-una-tarde-de-cine-y-convivencia-a-la-casa-del-adulto-mayor-2","status":"publish","type":"post","link":"http:\/\/revistalaneta.com.mx\/?p=13394","title":{"rendered":"Lleva Cineteca Tamaulipas una tarde de cine y convivencia a la Casa del Adulto Mayor"},"content":{"rendered":"\n<p><\/p>\n\n\n\n<p><\/p>\n\n\n\n<p>Ciudad Victoria, Tamaulipas.- Como parte de la Semana de Actividades Culturales para conmemorar el D\u00eda del Adulto Mayor del DIF Tamaulipas, la Cineteca Tamaulipas llev\u00f3 el s\u00e9ptimo arte a la Casa del Adulto Mayor, donde se proyect\u00f3 la aclamada pel\u00edcula &#8220;El tigre y la nieve&#8221; (2005), dirigida por Roberto Benigni. La actividad reuni\u00f3 a los asistentes en una tarde llena de emociones y reflexi\u00f3n, en un ambiente de calidez y convivencia.<\/p>\n\n\n\n<p>En el gobierno de Am\u00e9rico Villarreal Anaya, la inclusi\u00f3n es una piedra angular. Es por eso que el Instituto Tamaulipeco para la Cultura y las Artes se suma a este evento, que destaca como un ejemplo de c\u00f3mo se est\u00e1n promoviendo espacios de integraci\u00f3n y participaci\u00f3n cultural para todos los sectores de la sociedad. Llevar el cine a los adultos mayores no solo ofrece entretenimiento, sino que tambi\u00e9n celebra su importancia en nuestra comunidad, fomentando el acceso a la cultura y el arte, declar\u00f3 la encargada de la Cineteca, Elizabeth Bernal Garc\u00eda.<\/p>\n\n\n\n<p>La proyecci\u00f3n de &#8220;El tigre y la nieve&#8221; el pasado 20 de agosto fue un \u00e9xito, dejando en los asistentes una grata experiencia cinematogr\u00e1fica que refuerza el compromiso del gobierno con la inclusi\u00f3n y el bienestar de los adultos mayores.<code> * * *<\/code><\/p>\n","protected":false},"excerpt":{"rendered":"<p>Ciudad Victoria, Tamaulipas.- Como parte de la Semana de Actividades Culturales para conmemorar el D\u00eda del Adulto Mayor del DIF Tamaulipas, la Cineteca Tamaulipas llev\u00f3 el s\u00e9ptimo arte a la &hellip; <a href=\"http:\/\/revistalaneta.com.mx\/?p=13394\" class=\"more-link\">Leer m\u00e1s<\/a><\/p>\n","protected":false},"author":1,"featured_media":13393,"comment_status":"open","ping_status":"open","sticky":false,"template":"","format":"standard","meta":{"footnotes":""},"categories":[7],"tags":[],"class_list":["post-13394","post","type-post","status-publish","format-standard","has-post-thumbnail","hentry","category-ciudad-victoria","entry"],"_links":{"self":[{"href":"http:\/\/revistalaneta.com.mx\/index.php?rest_route=\/wp\/v2\/posts\/13394","targetHints":{"allow":["GET"]}}],"collection":[{"href":"http:\/\/revistalaneta.com.mx\/index.php?rest_route=\/wp\/v2\/posts"}],"about":[{"href":"http:\/\/revistalaneta.com.mx\/index.php?rest_route=\/wp\/v2\/types\/post"}],"author":[{"embeddable":true,"href":"http:\/\/revistalaneta.com.mx\/index.php?rest_route=\/wp\/v2\/users\/1"}],"replies":[{"embeddable":true,"href":"http:\/\/revistalaneta.com.mx\/index.php?rest_route=%2Fwp%2Fv2%2Fcomments&post=13394"}],"version-history":[{"count":1,"href":"http:\/\/revistalaneta.com.mx\/index.php?rest_route=\/wp\/v2\/posts\/13394\/revisions"}],"predecessor-version":[{"id":13395,"href":"http:\/\/revistalaneta.com.mx\/index.php?rest_route=\/wp\/v2\/posts\/13394\/revisions\/13395"}],"wp:featuredmedia":[{"embeddable":true,"href":"http:\/\/revistalaneta.com.mx\/index.php?rest_route=\/wp\/v2\/media\/13393"}],"wp:attachment":[{"href":"http:\/\/revistalaneta.com.mx\/index.php?rest_route=%2Fwp%2Fv2%2Fmedia&parent=13394"}],"wp:term":[{"taxonomy":"category","embeddable":true,"href":"http:\/\/revistalaneta.com.mx\/index.php?rest_route=%2Fwp%2Fv2%2Fcategories&post=13394"},{"taxonomy":"post_tag","embeddable":true,"href":"http:\/\/revistalaneta.com.mx\/index.php?rest_route=%2Fwp%2Fv2%2Ftags&post=13394"}],"curies":[{"name":"wp","href":"https:\/\/api.w.org\/{rel}","templated":true}]}}