{"id":13397,"date":"2024-08-23T16:39:11","date_gmt":"2024-08-23T16:39:11","guid":{"rendered":"http:\/\/revistalaneta.com.mx\/?p=13397"},"modified":"2024-08-23T16:39:33","modified_gmt":"2024-08-23T16:39:33","slug":"capacita-itabec-a-personal-educativo-sobre-beca-futuro-tamaulipas","status":"publish","type":"post","link":"http:\/\/revistalaneta.com.mx\/?p=13397","title":{"rendered":"Capacita ITABEC a personal educativo sobre Beca \u201cFuturo Tamaulipas\u201d"},"content":{"rendered":"\n<p><\/p>\n\n\n\n<ul class=\"wp-block-list\">\n<li>Personal de las instituciones de educaci\u00f3n superior reciben capacitaci\u00f3n para atender las solicitudes de la beca dirigida a estudiantes de dicho nivel<\/li>\n<\/ul>\n\n\n\n<p><\/p>\n\n\n\n<p>Ciudad Victoria, Tamaulipas.\u2013 Para que las y los estudiantes tamaulipecos tengan las mejores oportunidades en su desarrollo profesional, el Gobierno del Estado, a trav\u00e9s de la Secretar\u00eda de Educaci\u00f3n y del Instituto Tamaulipeco de Becas, Est\u00edmulos y Cr\u00e9ditos Educativos (ITABEC), capacitan a personal de instituciones de nivel superior sobre los tr\u00e1mites y documentos necesarios para obtener la Beca \u2018Futuro Tamaulipas, J\u00f3venes de Nivel Superior\u2019.<\/p>\n\n\n\n<p>Desde el 6 de agosto, personal del ITABEC visitan escuelas de nivel superior en la entidad, con el prop\u00f3sito de capacitar a personal administrativo de cada instituci\u00f3n sobre la correcta recepci\u00f3n de los documentos que las y los estudiantes deben entregar para acceder a esta beca.<\/p>\n\n\n\n<p>\u201cEl prop\u00f3sito de las capacitaciones es reforzar el conocimiento de los responsables y lograr un trabajo en conjunto con el ITABEC para brindar un mejor servicio a las y los estudiantes de las instituciones p\u00fablicas de educaci\u00f3n superior en el estado\u201d, precis\u00f3 Juan Guillermo Mansur Arzola, director general del Instituto.<\/p>\n\n\n\n<p>Destac\u00f3 que gracias al compromiso del gobernador Am\u00e9rico Villarreal Anaya y el apoyo de la secretaria de Educaci\u00f3n, Luc\u00eda Aim\u00e9 Castillo Pastor, m\u00e1s j\u00f3venes tamaulipecos que cursan su educaci\u00f3n superior, podr\u00e1n tener acceso a este beneficio clave, toda vez que el tener un apoyo econ\u00f3mico les permitir\u00e1 continuar con su formaci\u00f3n profesional.<\/p>\n\n\n\n<p>Entre las instituciones educativas cuyo personal ya fue capacitado se encuentran la Universidad Tecnol\u00f3gica de Nuevo Laredo, la Universidad Polit\u00e9cnica de la Regi\u00f3n Ribere\u00f1a, la Universidad Tecnol\u00f3gica de Tamaulipas Norte, la Universidad Tecnol\u00f3gica de Matamoros, el Colegio San Juan Siglo XXI, as\u00ed como los campus de Institutos Tecnol\u00f3gicos de M\u00e9xico en la entidad y unidades acad\u00e9micas y facultades de la Universidad Aut\u00f3noma de Tamaulipas.<code> * * *<\/code><\/p>\n","protected":false},"excerpt":{"rendered":"<p>Ciudad Victoria, Tamaulipas.\u2013 Para que las y los estudiantes tamaulipecos tengan las mejores oportunidades en su desarrollo profesional, el Gobierno del Estado, a trav\u00e9s de la Secretar\u00eda de Educaci\u00f3n y &hellip; <a href=\"http:\/\/revistalaneta.com.mx\/?p=13397\" class=\"more-link\">Leer m\u00e1s<\/a><\/p>\n","protected":false},"author":1,"featured_media":13396,"comment_status":"open","ping_status":"open","sticky":false,"template":"","format":"standard","meta":{"footnotes":""},"categories":[7],"tags":[],"class_list":["post-13397","post","type-post","status-publish","format-standard","has-post-thumbnail","hentry","category-ciudad-victoria","entry"],"_links":{"self":[{"href":"http:\/\/revistalaneta.com.mx\/index.php?rest_route=\/wp\/v2\/posts\/13397","targetHints":{"allow":["GET"]}}],"collection":[{"href":"http:\/\/revistalaneta.com.mx\/index.php?rest_route=\/wp\/v2\/posts"}],"about":[{"href":"http:\/\/revistalaneta.com.mx\/index.php?rest_route=\/wp\/v2\/types\/post"}],"author":[{"embeddable":true,"href":"http:\/\/revistalaneta.com.mx\/index.php?rest_route=\/wp\/v2\/users\/1"}],"replies":[{"embeddable":true,"href":"http:\/\/revistalaneta.com.mx\/index.php?rest_route=%2Fwp%2Fv2%2Fcomments&post=13397"}],"version-history":[{"count":1,"href":"http:\/\/revistalaneta.com.mx\/index.php?rest_route=\/wp\/v2\/posts\/13397\/revisions"}],"predecessor-version":[{"id":13398,"href":"http:\/\/revistalaneta.com.mx\/index.php?rest_route=\/wp\/v2\/posts\/13397\/revisions\/13398"}],"wp:featuredmedia":[{"embeddable":true,"href":"http:\/\/revistalaneta.com.mx\/index.php?rest_route=\/wp\/v2\/media\/13396"}],"wp:attachment":[{"href":"http:\/\/revistalaneta.com.mx\/index.php?rest_route=%2Fwp%2Fv2%2Fmedia&parent=13397"}],"wp:term":[{"taxonomy":"category","embeddable":true,"href":"http:\/\/revistalaneta.com.mx\/index.php?rest_route=%2Fwp%2Fv2%2Fcategories&post=13397"},{"taxonomy":"post_tag","embeddable":true,"href":"http:\/\/revistalaneta.com.mx\/index.php?rest_route=%2Fwp%2Fv2%2Ftags&post=13397"}],"curies":[{"name":"wp","href":"https:\/\/api.w.org\/{rel}","templated":true}]}}