{"id":13420,"date":"2024-08-24T05:18:26","date_gmt":"2024-08-24T05:18:26","guid":{"rendered":"http:\/\/revistalaneta.com.mx\/?p=13420"},"modified":"2024-08-24T05:18:44","modified_gmt":"2024-08-24T05:18:44","slug":"capacita-sebien-a-servidores-publicos-en-tema-de-migracion","status":"publish","type":"post","link":"http:\/\/revistalaneta.com.mx\/?p=13420","title":{"rendered":"Capacita SEBIEN a servidores p\u00fablicos en tema de migraci\u00f3n"},"content":{"rendered":"\n<p><\/p>\n\n\n\n<p><\/p>\n\n\n\n<p>Ciudad Victoria, Tamaulipas-La Subsecretar\u00eda de Derechos Humanos y Articulaci\u00f3n Social de la Secretar\u00eda de Bienestar Social de Tamaulipas capacit\u00f3 a las y los servidores p\u00fablicos para generar un espacio de reflexi\u00f3n en el tema de personas migrantes.<\/p>\n\n\n\n<p>La capacitaci\u00f3n llev\u00f3 por nombre; \u201cJornada de Fortalecimiento sobre el Contexto Migratorio y de Refugio en M\u00e9xico\u201d, y busca proporcionar una comprensi\u00f3n integral del contexto migratorio en M\u00e9xico y el derecho internacional de las personas refugiadas.<\/p>\n\n\n\n<p>Asimismo se les brind\u00f3 a los presentes en esta conferencia online, las herramientas necesarias para reconocer y garantizar los derechos de las personas migrantes, refugiadas, desplazadas y\/o retornadas en el pa\u00eds, promoviendo el respeto de los derechos humanos conforme a los est\u00e1ndares nacionales e internacionales.<\/p>\n\n\n\n<p>Dichos temas fueron impartidos por Ricardo Mu\u00f1iz Trejo y Fabiola Quintana, de la Organizaci\u00f3n Internacional para las Migraciones (OIM-ONU Migraci\u00f3n), as\u00ed como Johann Weigend Rodr\u00edguez, del Alto Comisionado de las Naciones Unidas para los Refugiados (ACNUR).<\/p>\n\n\n\n<p>La capacitaci\u00f3n fue a trav\u00e9s de la plataforma Google Meet, dirigida a personal de la Secretar\u00eda General de Gobierno, de Seguridad P\u00fablica, Secretariado Ejecutivo del Sistema Estatal de Seguridad P\u00fablica, Salud, Educaci\u00f3n, Trabajo y Previsi\u00f3n Social, Fiscal\u00eda General de Justicia del Estado, Instituto Tamaulipeco para los Migrantes, Instituto de las Mujeres, Comisi\u00f3n Estatal de la Atenci\u00f3n a V\u00edctimas y Sistema DIF Tamaulipas.<\/p>\n\n\n\n<p>Entre las autoridades encargadas estuvieron presentes el subsecretario de Derechos Humanos y Articulaci\u00f3n Social, Esteban Etienne Ru\u00edz; el coordinador de Pol\u00edticas de Bienestar, Gilberto Guti\u00e9rrez S\u00e1nchez y la directora de Derechos Humanos, Estefan\u00eda Ure\u00f1o Cano.<code> * * *<\/code><\/p>\n","protected":false},"excerpt":{"rendered":"<p>Ciudad Victoria, Tamaulipas-La Subsecretar\u00eda de Derechos Humanos y Articulaci\u00f3n Social de la Secretar\u00eda de Bienestar Social de Tamaulipas capacit\u00f3 a las y los servidores p\u00fablicos para generar un espacio de &hellip; <a href=\"http:\/\/revistalaneta.com.mx\/?p=13420\" class=\"more-link\">Leer m\u00e1s<\/a><\/p>\n","protected":false},"author":1,"featured_media":13419,"comment_status":"open","ping_status":"open","sticky":false,"template":"","format":"standard","meta":{"footnotes":""},"categories":[7],"tags":[],"class_list":["post-13420","post","type-post","status-publish","format-standard","has-post-thumbnail","hentry","category-ciudad-victoria","entry"],"_links":{"self":[{"href":"http:\/\/revistalaneta.com.mx\/index.php?rest_route=\/wp\/v2\/posts\/13420","targetHints":{"allow":["GET"]}}],"collection":[{"href":"http:\/\/revistalaneta.com.mx\/index.php?rest_route=\/wp\/v2\/posts"}],"about":[{"href":"http:\/\/revistalaneta.com.mx\/index.php?rest_route=\/wp\/v2\/types\/post"}],"author":[{"embeddable":true,"href":"http:\/\/revistalaneta.com.mx\/index.php?rest_route=\/wp\/v2\/users\/1"}],"replies":[{"embeddable":true,"href":"http:\/\/revistalaneta.com.mx\/index.php?rest_route=%2Fwp%2Fv2%2Fcomments&post=13420"}],"version-history":[{"count":1,"href":"http:\/\/revistalaneta.com.mx\/index.php?rest_route=\/wp\/v2\/posts\/13420\/revisions"}],"predecessor-version":[{"id":13421,"href":"http:\/\/revistalaneta.com.mx\/index.php?rest_route=\/wp\/v2\/posts\/13420\/revisions\/13421"}],"wp:featuredmedia":[{"embeddable":true,"href":"http:\/\/revistalaneta.com.mx\/index.php?rest_route=\/wp\/v2\/media\/13419"}],"wp:attachment":[{"href":"http:\/\/revistalaneta.com.mx\/index.php?rest_route=%2Fwp%2Fv2%2Fmedia&parent=13420"}],"wp:term":[{"taxonomy":"category","embeddable":true,"href":"http:\/\/revistalaneta.com.mx\/index.php?rest_route=%2Fwp%2Fv2%2Fcategories&post=13420"},{"taxonomy":"post_tag","embeddable":true,"href":"http:\/\/revistalaneta.com.mx\/index.php?rest_route=%2Fwp%2Fv2%2Ftags&post=13420"}],"curies":[{"name":"wp","href":"https:\/\/api.w.org\/{rel}","templated":true}]}}