{"id":13426,"date":"2024-08-24T10:43:36","date_gmt":"2024-08-24T10:43:36","guid":{"rendered":"http:\/\/revistalaneta.com.mx\/?p=13426"},"modified":"2024-08-24T10:44:08","modified_gmt":"2024-08-24T10:44:08","slug":"atentan-contra-edgar-danes","status":"publish","type":"post","link":"http:\/\/revistalaneta.com.mx\/?p=13426","title":{"rendered":"ATENTAN CONTRA EDGAR DAN\u00c9S"},"content":{"rendered":"\n<p><\/p>\n\n\n\n<p>-Recibi\u00f3 cinco balazos<\/p>\n\n\n\n<p>-PAN le regal\u00f3 regidur\u00eda al pap\u00e1 del magistrado Iv\u00e1n Arroyo<\/p>\n\n\n\n<p>Tiempo de opinar<\/p>\n\n\n\n<p>Ra\u00fal Hern\u00e1ndez Moreno<\/p>\n\n\n\n<p>21-agosto-2024<\/p>\n\n\n\n<p>En la sesi\u00f3n privada del 17 de agosto, que sostuvieron los integrantes del Tribunal Electoral de Tamaulipas, la magistrada Blanca Hern\u00e1ndez Rojas fue ungida como presidenta del mismo, en sustituci\u00f3n de Edgar Dan\u00e9s Rojas, para decidir si hab\u00eda o no conflicto de inter\u00e9s de parte de este \u00faltimo, para votar sobre la elecci\u00f3n de Nuevo Laredo, por tener un hermano que trabaja en el sistema DIF,<\/p>\n\n\n\n<p>Blanca Hern\u00e1ndez y Gloria Reyna Haghelsieb votaron a favor, es decir, que Dan\u00e9s no incurri\u00f3 en conflicto de inter\u00e9s, en tanto que Iv\u00e1n Arroyo Villarreal y Ren\u00e9 Osiris S\u00e1nchez Rivas opinaron que s\u00ed.<\/p>\n\n\n\n<p>Hubo un empate, pero como la magistrada Hern\u00e1ndez era la presidenta ten\u00eda voto de calidad y por eso se impuso la opini\u00f3n de que Dan\u00e9s s\u00ed pod\u00eda participar.<\/p>\n\n\n\n<p>Si el 18 de julio el asunto se hubiera sometido a votaci\u00f3n, habr\u00eda quedado de la misma manera que el 17 de agosto, luego en la votaci\u00f3n de la elecci\u00f3n de Nuevo Laredo, habr\u00edan sido tres votos a favor de la validaci\u00f3n y dos en contra. La actitud de Dan\u00e9s, al no tratar su asunto el 18 de julio, solo retras\u00f3 un fallo que ya estaba previsto.<\/p>\n\n\n\n<p>Hoy el expediente est\u00e1 en manos de la Sala Regional del Tribunal Electoral en Monterrey que decidir\u00e1 en dos o tres semanas. El PAN pidi\u00f3 la anulaci\u00f3n de 199 casillas, de un total de 567, lo que rebasa la cantidad que exige la ley para anular una elecci\u00f3n, que es por lo menos el 20 por ciento de las casillas instaladas en la jornada electoral, unas 113<\/p>\n\n\n\n<p>Pero no basta con solicitar la anulaci\u00f3n de casillas, para que la autoridad lo conceda. Se deben entregar pruebas de que hubo irregularidades. El Tribunal Electoral de Tamaulipas consider\u00f3 que de las 199 casillas que el PAN pidi\u00f3 anular, solo hubo pruebas en cinco y las anul\u00f3. 5 de 199, casi nada.<\/p>\n\n\n\n<p>Luego de que el TRIFE se pronuncie sobre el caso Nuevo Laredo, la \u00faltima instancia ser\u00e1 la Sala Superior que tiene como fecha l\u00edmite para resolver el caso, el 30 de septiembre. Faltan 40 d\u00edas para que el caso se cierre de manera definitiva.<\/p>\n\n\n\n<p>En medio de todo esto, la dirigente estatal de Morena, Yuriria Iturbe, denunci\u00f3 que el magistrado Iv\u00e1n Arroyo Villarreal tiene un conflicto de inter\u00e9s en el municipio de Altamira, pues su padre Carlos Arroyo P\u00e9rez, figur\u00f3 como candidato a regidor en la planilla del PAN, en el segundo lugar de la lista.<\/p>\n\n\n\n<p>El PAN le regal\u00f3 la regidur\u00eda al padre del magistrado. Iv\u00e1n debi\u00f3 excusarse de participar en la discusi\u00f3n de la elecci\u00f3n de Altamira.<\/p>\n\n\n\n<p>En otro tema, esta tarde se dio a conocer que el presidente del Tribunal Electoral de Tamaulipas, Edgar Dan\u00e9s Rojas, fue atacado a balazos, afuera de su domicilio en Ciudad Victoria.<\/p>\n\n\n\n<p>El controvertido personaje recibi\u00f3 cinco balazos, uno de ellos cerca del coraz\u00f3n y fue trasladado a un hospital, donde est\u00e1 siendo sometido a una operaci\u00f3n.<\/p>\n\n\n\n<p>Es lamentable que sucedan este tipo de atentados. La Fiscal\u00eda de Justicia en Tamaulipas se hizo cargo de las investigaciones y en las pr\u00f3ximas horas se espera que pueda proporcionar m\u00e1s datos de este, insistimos, lamentable atentado.<\/p>\n","protected":false},"excerpt":{"rendered":"<p>-Recibi\u00f3 cinco balazos -PAN le regal\u00f3 regidur\u00eda al pap\u00e1 del magistrado Iv\u00e1n Arroyo Tiempo de opinar Ra\u00fal Hern\u00e1ndez Moreno 21-agosto-2024 En la sesi\u00f3n privada del 17 de agosto, que sostuvieron &hellip; <a href=\"http:\/\/revistalaneta.com.mx\/?p=13426\" class=\"more-link\">Leer m\u00e1s<\/a><\/p>\n","protected":false},"author":1,"featured_media":13425,"comment_status":"open","ping_status":"open","sticky":false,"template":"","format":"standard","meta":{"footnotes":""},"categories":[2],"tags":[],"class_list":["post-13426","post","type-post","status-publish","format-standard","has-post-thumbnail","hentry","category-chismorreo","entry"],"_links":{"self":[{"href":"http:\/\/revistalaneta.com.mx\/index.php?rest_route=\/wp\/v2\/posts\/13426","targetHints":{"allow":["GET"]}}],"collection":[{"href":"http:\/\/revistalaneta.com.mx\/index.php?rest_route=\/wp\/v2\/posts"}],"about":[{"href":"http:\/\/revistalaneta.com.mx\/index.php?rest_route=\/wp\/v2\/types\/post"}],"author":[{"embeddable":true,"href":"http:\/\/revistalaneta.com.mx\/index.php?rest_route=\/wp\/v2\/users\/1"}],"replies":[{"embeddable":true,"href":"http:\/\/revistalaneta.com.mx\/index.php?rest_route=%2Fwp%2Fv2%2Fcomments&post=13426"}],"version-history":[{"count":1,"href":"http:\/\/revistalaneta.com.mx\/index.php?rest_route=\/wp\/v2\/posts\/13426\/revisions"}],"predecessor-version":[{"id":13427,"href":"http:\/\/revistalaneta.com.mx\/index.php?rest_route=\/wp\/v2\/posts\/13426\/revisions\/13427"}],"wp:featuredmedia":[{"embeddable":true,"href":"http:\/\/revistalaneta.com.mx\/index.php?rest_route=\/wp\/v2\/media\/13425"}],"wp:attachment":[{"href":"http:\/\/revistalaneta.com.mx\/index.php?rest_route=%2Fwp%2Fv2%2Fmedia&parent=13426"}],"wp:term":[{"taxonomy":"category","embeddable":true,"href":"http:\/\/revistalaneta.com.mx\/index.php?rest_route=%2Fwp%2Fv2%2Fcategories&post=13426"},{"taxonomy":"post_tag","embeddable":true,"href":"http:\/\/revistalaneta.com.mx\/index.php?rest_route=%2Fwp%2Fv2%2Ftags&post=13426"}],"curies":[{"name":"wp","href":"https:\/\/api.w.org\/{rel}","templated":true}]}}