{"id":13468,"date":"2024-08-27T19:23:15","date_gmt":"2024-08-27T19:23:15","guid":{"rendered":"http:\/\/revistalaneta.com.mx\/?p=13468"},"modified":"2024-08-27T19:23:46","modified_gmt":"2024-08-27T19:23:46","slug":"oficializan-entrega-de-nueva-preparatoria-a-la-uat","status":"publish","type":"post","link":"http:\/\/revistalaneta.com.mx\/?p=13468","title":{"rendered":"OFICIALIZAN ENTREGA DE NUEVA PREPARATORIA A LA UAT"},"content":{"rendered":"\n<p><br>Ya es por dem\u00e1s oficial, Nuevo Laredo tendr\u00e1 una preparatoria afiliada a la Universidad Aut\u00f3noma de Tamaulipas (UAT). Esto se ha confirmado luego de la visita que hizo a esta ciudad fronteriza el rector de la UAT, D\u00e1maso Anaya Alvarado, para entrevistarse con la alcaldesa Carmen Lilia Canturosas Villarreal, y concertar el que el Gobierno Municipal de Nuevo Laredo entregue en comodato a la m\u00e1xima casa de estudios la nueva preparatoria construida al surponiente de la ciudad, y la cual ser\u00e1 la primera sustentable de todo el estado, y en la cual se invirtieron 92 millones de pesos. Esta nueva preparatoria tiene una superficie de 83 mil 258 metros cuadrados y contar\u00e1 con dos m\u00f3dulos de seis aulas, laboratorios, dos canchas de usos m\u00faltiples, talleres, dos m\u00f3dulos de ba\u00f1os, cancha de f\u00fatbol, bebederos con equipo purificador. Adem\u00e1s, acceso principal, andadores, escaleras y puente, edificio administrativo, estacionamiento, cerca perimetral, barda, cisterna, explanada, entre otras \u00e1reas. Y se espera beneficiar con la misma a 2 mil 800 alumnos. Ya m\u00e1s adelante se dar\u00e1n a conocer los detales de las inscripciones, y la forma en la que la UAT manejar\u00e1 esta instituci\u00f3n educativa.<\/p>\n\n\n\n<p>EN MARCHA EL NUEVO CICLO ESCOLAR<br \/>Ser\u00e1 en Jaumave donde el gobernador Am\u00e9rico Villarreal Anaya dar\u00e1 inicio al nuevo ciclo escolar 2024-2025 que justamente este lunes arranca. Ser\u00e1 en la escuela primaria \u201cFrancisco Zarco\u201d, del ejido San Antonio, de dicha poblaci\u00f3n, donde el mandatario estatal encabezar\u00e1 adem\u00e1s los tradicionales Honores a la Bandera y har\u00e1 entrega simb\u00f3lica de libros de texto gratuitos y paquetes de \u00fatiles y uniformes escolares para alumnos de educaci\u00f3n b\u00e1sica. A la par, diversos funcionarios estatales estar\u00e1n en diversos municipios de la entidad tambi\u00e9n poniendo en marcha el nuevo per\u00edodo educativo.<\/p>\n\n\n\n<p>BENDICI\u00d3N DE MOCHILAS<br \/>Un muy buen gesto tuvo el reconocido p\u00e1rroco neolaredense, Rogelio Lozano Alcorta, al llevar a cabo este domingo en sus misas en la iglesia San Antonio Mar\u00eda Claret, una bendici\u00f3n de mochilas a los ni\u00f1os de su congregaci\u00f3n que regresar\u00e1n a clases a partir de este lunes. Desde d\u00edas antes se convoc\u00f3 a los padres a llevar a sus ni\u00f1os, y vaya que fueron muchos a dicha bendici\u00f3n, que m\u00e1s que nada, y como lo dijo el propio padre, es que los chamacos se encomienden a Dios en su regreso a la actividad escolar. Un muy buen acto, y sobre todo tan necesario en estos tiempos tan dif\u00edciles.<\/p>\n\n\n\n<p>CELEBRAR\u00c1 MISA DE ACCI\u00d3N DE GRACIAS PLANILLA DEL IMSS<br \/>Y siguiendo con el tema religioso, para este pr\u00f3ximo martes se ha programado una misa de acci\u00f3n de gracias por parte de los integrantes de la planilla blanca que buscan la dirigencia estatal de la Secci\u00f3n X del Sindicato de Trabajadores del Instituto Mexicano del Seguro Social de Tamaulipas, y que encabeza el doctor Ricardo Manuel Obeso Trevi\u00f1o. Dicha misa ser\u00e1 en la iglesia de San Judas Tadeo a partir de las siete de la tarde y se pedir\u00e1 por unas elecciones en paz y tranquilidad al interior del IMSS. Un buen gesto sin duda de los integrantes de dicha planilla. Por cierto que la elecci\u00f3n es el pr\u00f3ximo viernes 2 de septiembre.<\/p>\n\n\n\n<p>LA VUELVEN A HACER LOS MANZUR<br \/>Gran molestia hay entre los neolaredenses fan\u00e1ticos del club de b\u00e9isbol Tecolotes, por el hecho de que la directiva nuevamente hizo de las suyas, y program\u00f3 dos juegos de los play offs en la vecina ciudad de Laredo, y solo uno en Nuevo Laredo. Como siempre los Manzur con la voracidad por delante, y se entiende que ellos van por el billete, como descendientes de \u00e1rabes que son, pero como que ya estuvo suave que se burlen as\u00ed del pueblo que les da la oportunidad de tener un equipo en la Liga Mexicana de B\u00e9isbol. Porque, aunque ellos digan que nos hacen el favor de traer un equipo, est\u00e1n bien equivocados, los Tecolotes siempre han sido de Nuevo Laredo, no de unos simples vividores del deporte. Aunque tambi\u00e9n la culpa la tienen los propios fan\u00e1ticos, por seguir soportando tanto insulto.<\/p>\n\n\n\n<p>ACTUALIZA LA UAT A SU PERSONAL<br \/>Una jornada de capacitaci\u00f3n para actualizar a su personal administrativo en relaci\u00f3n con la nueva normativa en materia de transparencia y rendici\u00f3n de cuentas, llevo a cabo la Universidad Aut\u00f3noma de Tamaulipas (UAT), esto como parte del Plan de Desarrollo Institucional de la UAT impulsado por el rector, MVZ D\u00e1maso Anaya Alvarado, y bajo el objetivo de promover una administraci\u00f3n eficiente y el manejo transparente y honesto de los recursos. Dicho curso fue impartido por personal del \u00d3rgano Interno de Control de la m\u00e1xima, y en el mismo se busca tambi\u00e9n acercar una capacitaci\u00f3n de calidad y fortalecer la profesionalizaci\u00f3n en el \u00e1mbito administrativo, as\u00ed como de transparencia y rendici\u00f3n de cuentas. Con esto se promueve la cultura de la rendici\u00f3n de cuentas a la sociedad y se responde a la confianza depositada por la ciudadan\u00eda en la Universidad Aut\u00f3noma de Tamaulipas.<\/p>\n\n\n\n<p>MURI\u00d3 EL GRAN LUPE D\u00cdAZ JR.<br \/>Falleci\u00f3 el amigo Guadalupe D\u00edaz Jr., considerado por muchos el mejor columnista pol\u00edtico de Tamaulipas. Su deceso se report\u00f3 el pasado s\u00e1bado, despu\u00e9s de varios d\u00edas de haber ca\u00eddo en coma, tras un problema de salud. La \u00faltima vez que lo vi fue el 7 de junio, en la celebraci\u00f3n del D\u00eda del Periodista organizado por el Gobierno del Estado en Ciudad Victoria. All\u00ed muchos se sorprendieron de que hubiese acudido, pues normalmente ya no iba a ese tipo de festejos, y muchos aprovechamos para saludarlo. Ahora se entiende que fue justamente a despedirse, pues d\u00edas despu\u00e9s enferm\u00f3, y ahora ha pasado a mejor vida. Se va una de las mejores plumas de Tamaulipas, pero nos deja su legado period\u00edstico. \u00a1Descanse en paz Don Lupe D\u00edaz Jr.<\/p>\n\n\n\n<p>LO \u00daLTIMO<br \/>El pasado s\u00e1bado tambi\u00e9n falleci\u00f3 el compa\u00f1ero comunicador V\u00edctor Hugo Lugo, quien por varios a\u00f1os trabajara para el equipo de Multimedios de Nuevo Laredo. Padec\u00eda de una enfermedad que lo tuvo en cama por un buen tiempo y desafortunadamente pas\u00f3 a mejor vida. \u00a1Descanse en paz!\u2026 Muchas felicidades al compa\u00f1ero comunicador Mario Portillo, quien este lunes est\u00e1 cumpliendo un a\u00f1o m\u00e1s de vida, al igual que el amigo Mart\u00edn Ollervides Beltr\u00e1n, del grupo de los Villancicos de Billares Laredo. \u00a1Muchos m\u00e1s d\u00edas de estos!\u2026 De manera por dem\u00e1s lamentable un obrero de la f\u00e1brica Medline que se encuentra en el parque industrial Oradel falleci\u00f3 el pasado fin de semana al recibir una descarga el\u00e9ctrica mientras estaba trabajando. Se trata de un hombre de 52 a\u00f1os, quien falleci\u00f3 al instante al recibir la descarga, tras estar manipulando cables de luz\u2026 Para el pr\u00f3ximo domingo 1 de septiembre se ha programado el sexto y \u00faltimo informe de gobierno del presidente Andr\u00e9s Manuel L\u00f3pez Obrador, el cual ser\u00e1 en el Z\u00f3calo de la Ciudad de M\u00e9xico, a las 11 de la ma\u00f1ana. Y se preparan movilizaciones en todo el pa\u00eds para acudir a dicho evento\u2026 Hay algo de posibilidades de lluvia entre este lunes y mi\u00e9rcoles. A ver s\u00ed se hace.<\/p>\n","protected":false},"excerpt":{"rendered":"<p>Ya es por dem\u00e1s oficial, Nuevo Laredo tendr\u00e1 una preparatoria afiliada a la Universidad Aut\u00f3noma de Tamaulipas (UAT). Esto se ha confirmado luego de la visita que hizo a esta &hellip; <a href=\"http:\/\/revistalaneta.com.mx\/?p=13468\" class=\"more-link\">Leer m\u00e1s<\/a><\/p>\n","protected":false},"author":1,"featured_media":13467,"comment_status":"open","ping_status":"open","sticky":false,"template":"","format":"standard","meta":{"footnotes":""},"categories":[2,3],"tags":[],"class_list":["post-13468","post","type-post","status-publish","format-standard","has-post-thumbnail","hentry","category-chismorreo","category-opinion","entry"],"_links":{"self":[{"href":"http:\/\/revistalaneta.com.mx\/index.php?rest_route=\/wp\/v2\/posts\/13468","targetHints":{"allow":["GET"]}}],"collection":[{"href":"http:\/\/revistalaneta.com.mx\/index.php?rest_route=\/wp\/v2\/posts"}],"about":[{"href":"http:\/\/revistalaneta.com.mx\/index.php?rest_route=\/wp\/v2\/types\/post"}],"author":[{"embeddable":true,"href":"http:\/\/revistalaneta.com.mx\/index.php?rest_route=\/wp\/v2\/users\/1"}],"replies":[{"embeddable":true,"href":"http:\/\/revistalaneta.com.mx\/index.php?rest_route=%2Fwp%2Fv2%2Fcomments&post=13468"}],"version-history":[{"count":1,"href":"http:\/\/revistalaneta.com.mx\/index.php?rest_route=\/wp\/v2\/posts\/13468\/revisions"}],"predecessor-version":[{"id":13469,"href":"http:\/\/revistalaneta.com.mx\/index.php?rest_route=\/wp\/v2\/posts\/13468\/revisions\/13469"}],"wp:featuredmedia":[{"embeddable":true,"href":"http:\/\/revistalaneta.com.mx\/index.php?rest_route=\/wp\/v2\/media\/13467"}],"wp:attachment":[{"href":"http:\/\/revistalaneta.com.mx\/index.php?rest_route=%2Fwp%2Fv2%2Fmedia&parent=13468"}],"wp:term":[{"taxonomy":"category","embeddable":true,"href":"http:\/\/revistalaneta.com.mx\/index.php?rest_route=%2Fwp%2Fv2%2Fcategories&post=13468"},{"taxonomy":"post_tag","embeddable":true,"href":"http:\/\/revistalaneta.com.mx\/index.php?rest_route=%2Fwp%2Fv2%2Ftags&post=13468"}],"curies":[{"name":"wp","href":"https:\/\/api.w.org\/{rel}","templated":true}]}}