{"id":13480,"date":"2024-08-27T19:33:12","date_gmt":"2024-08-27T19:33:12","guid":{"rendered":"http:\/\/revistalaneta.com.mx\/?p=13480"},"modified":"2024-08-27T19:33:50","modified_gmt":"2024-08-27T19:33:50","slug":"inauguran-exposicion-la-transformacion-de-la-gran-tanchipa-a-el-hoy-ciudad-mante-en-el-centro-cultural-tamaulipas","status":"publish","type":"post","link":"http:\/\/revistalaneta.com.mx\/?p=13480","title":{"rendered":"Inauguran exposici\u00f3n \u201cLa Transformaci\u00f3n de la Gran Tanchipa a \u00e9l hoy Ciudad Mante\u201d, en el Centro Cultural Tamaulipas"},"content":{"rendered":"\n<p><\/p>\n\n\n\n<p><\/p>\n\n\n\n<p>Ciudad Victoria, Tamaulipas. \u2013 Al sonar de una concha de caracol y con una danza precolombina de la etnia que habitaba en el territorio actualmente ocupado por la zona ca\u00f1era tamaulipeca, interpretada por j\u00f3venes del grupo de danza folcl\u00f3rica &#8220;Janambre&#8221;, se abrieron las puertas al p\u00fablico de la exposici\u00f3n pict\u00f3rica &#8220;La Transformaci\u00f3n de la Gran Tanchipa, a \u00e9l hoy Ciudad Mante&#8221;, conformada por 12 pinturas y 6 fotograf\u00edas.<\/p>\n\n\n\n<p>La muestra se mont\u00f3 en el atrio del Centro Cultural Tamaulipas, espacio que, por iniciativa del gobernador Am\u00e9rico Villarreal Anaya, ha resurgido como un escenario libre para la expresi\u00f3n art\u00edstica en todas sus modalidades, y que albergar\u00e1, a partir del 22 de agosto y hasta el 2 de septiembre pr\u00f3ximo, la obra del artista Benjam\u00edn de la Rosa Covarrubias y la fot\u00f3grafa Viviana Hern\u00e1ndez Gonz\u00e1lez.<\/p>\n\n\n\n<p>Aracely Sosa \u00c1lvarez, encargada del despacho de la direcci\u00f3n del Instituto Tamaulipeco para la Cultura y las Artes (ITCA), agradeci\u00f3 el impulso que el mandatario estatal ha dado a las expresiones tamaulipecas en lugares como el Centro Cultural Tamaulipas, &#8220;espacio que da tanta identidad a Ciudad Victoria&#8221;, asever\u00f3.<\/p>\n\n\n\n<p>Manifest\u00f3 que, a trav\u00e9s de este tipo de eventos, siempre repite una frase: &#8220;El arte nos une y aqu\u00ed estamos viendo la diversidad, la tradici\u00f3n y la identidad de una ciudad que tiene esta tradici\u00f3n tan importante como El Mante&#8221;.<\/p>\n\n\n\n<p>Por su parte, Felipe Zadkiel Zamarripa V\u00e1zquez, director de Cultura de El Mante, describi\u00f3 que hablar de esta ciudad es hablar de la antigua &#8220;Gran Tanchipa&#8221;, sus ceremonias, sus ritos y sus deidades desde diferentes perspectivas, siendo muestra de la idiosincrasia de su pueblo.<\/p>\n\n\n\n<p>Rese\u00f1\u00f3 que los asentamientos huastecos en la \u00e9poca de la conquista fueron un punto de resistencia que limit\u00f3 el avance espa\u00f1ol, con victoria de los antiguos habitantes de la huasteca, como se refiere en la Enciclopedia Tamaulipas a trav\u00e9s de sus municipios. Algunas de las m\u00e1s destacadas fueron en el llano de la Gran Tanchipa, hoy las tierras del poblado El Lim\u00f3n.<\/p>\n\n\n\n<p>Entre las autoridades invitadas, se cont\u00f3 con la presencia de la directora del Centro Cultural Tamaulipas, Iliana Mart\u00ednez Leal, quien hizo extensiva la invitaci\u00f3n a la ciudadan\u00eda para que acuda a admirar estas obras y fotograf\u00edas que muestran parte de la historia de El Mante.<\/p>\n","protected":false},"excerpt":{"rendered":"<p>Ciudad Victoria, Tamaulipas. \u2013 Al sonar de una concha de caracol y con una danza precolombina de la etnia que habitaba en el territorio actualmente ocupado por la zona ca\u00f1era &hellip; <a href=\"http:\/\/revistalaneta.com.mx\/?p=13480\" class=\"more-link\">Leer m\u00e1s<\/a><\/p>\n","protected":false},"author":1,"featured_media":13479,"comment_status":"open","ping_status":"open","sticky":false,"template":"","format":"standard","meta":{"footnotes":""},"categories":[7],"tags":[],"class_list":["post-13480","post","type-post","status-publish","format-standard","has-post-thumbnail","hentry","category-ciudad-victoria","entry"],"_links":{"self":[{"href":"http:\/\/revistalaneta.com.mx\/index.php?rest_route=\/wp\/v2\/posts\/13480","targetHints":{"allow":["GET"]}}],"collection":[{"href":"http:\/\/revistalaneta.com.mx\/index.php?rest_route=\/wp\/v2\/posts"}],"about":[{"href":"http:\/\/revistalaneta.com.mx\/index.php?rest_route=\/wp\/v2\/types\/post"}],"author":[{"embeddable":true,"href":"http:\/\/revistalaneta.com.mx\/index.php?rest_route=\/wp\/v2\/users\/1"}],"replies":[{"embeddable":true,"href":"http:\/\/revistalaneta.com.mx\/index.php?rest_route=%2Fwp%2Fv2%2Fcomments&post=13480"}],"version-history":[{"count":1,"href":"http:\/\/revistalaneta.com.mx\/index.php?rest_route=\/wp\/v2\/posts\/13480\/revisions"}],"predecessor-version":[{"id":13481,"href":"http:\/\/revistalaneta.com.mx\/index.php?rest_route=\/wp\/v2\/posts\/13480\/revisions\/13481"}],"wp:featuredmedia":[{"embeddable":true,"href":"http:\/\/revistalaneta.com.mx\/index.php?rest_route=\/wp\/v2\/media\/13479"}],"wp:attachment":[{"href":"http:\/\/revistalaneta.com.mx\/index.php?rest_route=%2Fwp%2Fv2%2Fmedia&parent=13480"}],"wp:term":[{"taxonomy":"category","embeddable":true,"href":"http:\/\/revistalaneta.com.mx\/index.php?rest_route=%2Fwp%2Fv2%2Fcategories&post=13480"},{"taxonomy":"post_tag","embeddable":true,"href":"http:\/\/revistalaneta.com.mx\/index.php?rest_route=%2Fwp%2Fv2%2Ftags&post=13480"}],"curies":[{"name":"wp","href":"https:\/\/api.w.org\/{rel}","templated":true}]}}