{"id":13486,"date":"2024-08-28T12:19:17","date_gmt":"2024-08-28T12:19:17","guid":{"rendered":"http:\/\/revistalaneta.com.mx\/?p=13486"},"modified":"2024-08-28T12:19:42","modified_gmt":"2024-08-28T12:19:42","slug":"gobierno-municipal-realiza-con-exito-tercera-expo-regreso-a-clases-2024","status":"publish","type":"post","link":"http:\/\/revistalaneta.com.mx\/?p=13486","title":{"rendered":"Gobierno Municipal realiza con \u00e9xito tercera &#8220;Expo Regreso a Clases 2024&#8221;"},"content":{"rendered":"\n<p><\/p>\n\n\n\n<p>Nuevo Laredo, Tamps.- Con una gran participaci\u00f3n por parte de los ciudadanos se llev\u00f3 a cabo la tercera edici\u00f3n de la \u201cExpo Regreso a Clases 2024\u201d en la que padres de familia tuvieron la oportunidad de comprar \u00fatiles escolares a precios accesibles.<\/p>\n\n\n\n<p>Este evento se realiz\u00f3 por dos d\u00edas en el Centro C\u00edvico al que asistieron m\u00e1s de 2 mil ciudadanos quienes adquirieron mochilas, zapatos, uniformes, art\u00edculos de papeler\u00eda entre otros.<\/p>\n\n\n\n<p>\u201cFue una gran oportunidad que brindamos como gobierno municipal para que los padres de familia encontraran todo en un solo lugar y que no les faltar\u00e1 nada este regreso a clases\u201d, mencion\u00f3 Jaime Mireles de la Cruz, director de Comercio, Empleo y Pymes<\/p>\n\n\n\n<p>El funcionario municipal destac\u00f3 que se instalaron m\u00e1s de 40 negocios que ofrecieron el 10, 15 y 20 por ciento de descuento en varios art\u00edculos, mientras que en otros crearon promociones atractivas para la ciudadan\u00eda.<\/p>\n\n\n\n<p>\u201cTuvimos una respuesta muy positiva por parte de los comerciantes y de los padres de familia, es parte del compromiso para apoyar a la poblaci\u00f3n acerc\u00e1ndoles buenos precios y tambi\u00e9n el apoyo a los emprendedores\u201d, dijo Mireles de la Cruz.<\/p>\n\n\n\n<p>Este evento se realiz\u00f3 en colaboraci\u00f3n con la C\u00e1mara Nacional de Comercio (CANACO) con m\u00e1s de 40 negocios formalmente establecidos.<\/p>\n","protected":false},"excerpt":{"rendered":"<p>Nuevo Laredo, Tamps.- Con una gran participaci\u00f3n por parte de los ciudadanos se llev\u00f3 a cabo la tercera edici\u00f3n de la \u201cExpo Regreso a Clases 2024\u201d en la que padres &hellip; <a href=\"http:\/\/revistalaneta.com.mx\/?p=13486\" class=\"more-link\">Leer m\u00e1s<\/a><\/p>\n","protected":false},"author":1,"featured_media":13485,"comment_status":"open","ping_status":"open","sticky":false,"template":"","format":"standard","meta":{"footnotes":""},"categories":[4],"tags":[],"class_list":["post-13486","post","type-post","status-publish","format-standard","has-post-thumbnail","hentry","category-nuevo-laredo","entry"],"_links":{"self":[{"href":"http:\/\/revistalaneta.com.mx\/index.php?rest_route=\/wp\/v2\/posts\/13486","targetHints":{"allow":["GET"]}}],"collection":[{"href":"http:\/\/revistalaneta.com.mx\/index.php?rest_route=\/wp\/v2\/posts"}],"about":[{"href":"http:\/\/revistalaneta.com.mx\/index.php?rest_route=\/wp\/v2\/types\/post"}],"author":[{"embeddable":true,"href":"http:\/\/revistalaneta.com.mx\/index.php?rest_route=\/wp\/v2\/users\/1"}],"replies":[{"embeddable":true,"href":"http:\/\/revistalaneta.com.mx\/index.php?rest_route=%2Fwp%2Fv2%2Fcomments&post=13486"}],"version-history":[{"count":1,"href":"http:\/\/revistalaneta.com.mx\/index.php?rest_route=\/wp\/v2\/posts\/13486\/revisions"}],"predecessor-version":[{"id":13487,"href":"http:\/\/revistalaneta.com.mx\/index.php?rest_route=\/wp\/v2\/posts\/13486\/revisions\/13487"}],"wp:featuredmedia":[{"embeddable":true,"href":"http:\/\/revistalaneta.com.mx\/index.php?rest_route=\/wp\/v2\/media\/13485"}],"wp:attachment":[{"href":"http:\/\/revistalaneta.com.mx\/index.php?rest_route=%2Fwp%2Fv2%2Fmedia&parent=13486"}],"wp:term":[{"taxonomy":"category","embeddable":true,"href":"http:\/\/revistalaneta.com.mx\/index.php?rest_route=%2Fwp%2Fv2%2Fcategories&post=13486"},{"taxonomy":"post_tag","embeddable":true,"href":"http:\/\/revistalaneta.com.mx\/index.php?rest_route=%2Fwp%2Fv2%2Ftags&post=13486"}],"curies":[{"name":"wp","href":"https:\/\/api.w.org\/{rel}","templated":true}]}}