{"id":13579,"date":"2024-08-30T14:47:02","date_gmt":"2024-08-30T14:47:02","guid":{"rendered":"http:\/\/revistalaneta.com.mx\/?p=13579"},"modified":"2024-08-30T14:47:27","modified_gmt":"2024-08-30T14:47:27","slug":"elementos-de-la-guardia-estatal-aplican-destrezas-adquiridas-en-capacitacion-internacional","status":"publish","type":"post","link":"http:\/\/revistalaneta.com.mx\/?p=13579","title":{"rendered":"Elementos de la Guardia Estatal aplican destrezas adquiridas en capacitaci\u00f3n internacional"},"content":{"rendered":"\n<p><\/p>\n\n\n\n<p><\/p>\n\n\n\n<p>Ciudad Victoria, Tamaulipas. &#8211; A dos semanas de capacitaci\u00f3n a cargo de la Polic\u00eda Nacional de Colombia, elementos de la Guardia Estatal que se encuentran participando en el Seminario Primer Respondiente en Gesti\u00f3n de Riesgos han adquirido nuevas habilidades que se traducen en una mayor confianza para responder ante diversas emergencias.<\/p>\n\n\n\n<p>Entre ellas se destacan Primeros Auxilios, rescate acu\u00e1tico y en alturas, mismas que son necesarias en la aplicaci\u00f3n del Plan Tamaulipas en atenci\u00f3n a desastres naturales y en la coordinaci\u00f3n con otras instituciones de seguridad y auxilio.<\/p>\n\n\n\n<p>\u201cEs muy importante esta colaboraci\u00f3n y creo que es una de las mejores que vamos a llegar a tener y estamos muy agradecidos de que hayamos sido el primer escal\u00f3n\u201d, extern\u00f3 la polic\u00eda \u201cA\u201d, Arleth Alejandra Mart\u00ednez Moreno.<\/p>\n\n\n\n<p>Por su parte, el polic\u00eda \u201cA\u201d Francisco Valdemar Mart\u00ednez Torres destac\u00f3 el profesionalismo de los instructores, quienes les han compartido sus conocimientos desde el acondicionamiento f\u00edsico hasta la orientaci\u00f3n para ejecutar las t\u00e9cnicas adecuadas que permitan la efectividad de las actividades.<code> * * *<\/code><\/p>\n","protected":false},"excerpt":{"rendered":"<p>Ciudad Victoria, Tamaulipas. &#8211; A dos semanas de capacitaci\u00f3n a cargo de la Polic\u00eda Nacional de Colombia, elementos de la Guardia Estatal que se encuentran participando en el Seminario Primer &hellip; <a href=\"http:\/\/revistalaneta.com.mx\/?p=13579\" class=\"more-link\">Leer m\u00e1s<\/a><\/p>\n","protected":false},"author":1,"featured_media":13578,"comment_status":"open","ping_status":"open","sticky":false,"template":"","format":"standard","meta":{"footnotes":""},"categories":[7],"tags":[],"class_list":["post-13579","post","type-post","status-publish","format-standard","has-post-thumbnail","hentry","category-ciudad-victoria","entry"],"_links":{"self":[{"href":"http:\/\/revistalaneta.com.mx\/index.php?rest_route=\/wp\/v2\/posts\/13579","targetHints":{"allow":["GET"]}}],"collection":[{"href":"http:\/\/revistalaneta.com.mx\/index.php?rest_route=\/wp\/v2\/posts"}],"about":[{"href":"http:\/\/revistalaneta.com.mx\/index.php?rest_route=\/wp\/v2\/types\/post"}],"author":[{"embeddable":true,"href":"http:\/\/revistalaneta.com.mx\/index.php?rest_route=\/wp\/v2\/users\/1"}],"replies":[{"embeddable":true,"href":"http:\/\/revistalaneta.com.mx\/index.php?rest_route=%2Fwp%2Fv2%2Fcomments&post=13579"}],"version-history":[{"count":1,"href":"http:\/\/revistalaneta.com.mx\/index.php?rest_route=\/wp\/v2\/posts\/13579\/revisions"}],"predecessor-version":[{"id":13580,"href":"http:\/\/revistalaneta.com.mx\/index.php?rest_route=\/wp\/v2\/posts\/13579\/revisions\/13580"}],"wp:featuredmedia":[{"embeddable":true,"href":"http:\/\/revistalaneta.com.mx\/index.php?rest_route=\/wp\/v2\/media\/13578"}],"wp:attachment":[{"href":"http:\/\/revistalaneta.com.mx\/index.php?rest_route=%2Fwp%2Fv2%2Fmedia&parent=13579"}],"wp:term":[{"taxonomy":"category","embeddable":true,"href":"http:\/\/revistalaneta.com.mx\/index.php?rest_route=%2Fwp%2Fv2%2Fcategories&post=13579"},{"taxonomy":"post_tag","embeddable":true,"href":"http:\/\/revistalaneta.com.mx\/index.php?rest_route=%2Fwp%2Fv2%2Ftags&post=13579"}],"curies":[{"name":"wp","href":"https:\/\/api.w.org\/{rel}","templated":true}]}}