{"id":13582,"date":"2024-08-30T14:48:50","date_gmt":"2024-08-30T14:48:50","guid":{"rendered":"http:\/\/revistalaneta.com.mx\/?p=13582"},"modified":"2024-08-30T14:49:19","modified_gmt":"2024-08-30T14:49:19","slug":"anuncia-gobierno-municipal-segunda-edicion-del-medio-maraton-binacional","status":"publish","type":"post","link":"http:\/\/revistalaneta.com.mx\/?p=13582","title":{"rendered":"Anuncia Gobierno Municipal segunda edici\u00f3n del Medio Marat\u00f3n Binacional"},"content":{"rendered":"\n<p><\/p>\n\n\n\n<p>Nuevo Laredo, Tamps.- Con la finalidad de fomentar el turismo deportivo y proyectar a ambos Laredos a nivel internacional, el Gobierno Municipal a trav\u00e9s de la Direcci\u00f3n de Turismo, invita a participar en la segunda edici\u00f3n del Medio Marat\u00f3n Binacional.<\/p>\n\n\n\n<p>La tambi\u00e9n llamada \u201cGran carrera de la Frontera\u201d, que se realiza en coordinaci\u00f3n con las autoridades de Laredo, Texas , se llevar\u00e1 a cabo el pr\u00f3ximo 22 de septiembre iniciando en la Plaza Jarvis de la vecina ciudad, para concluir en la Explanada de la Independencia de Nuevo Laredo.<\/p>\n\n\n\n<p>\u201cInvitamos a todos los deportistas a inscribirse y participar en este Marat\u00f3n Binacional. Se trata de tener una actividad que vincule a estas dos ciudades y proyecte el turismo deportivo tal y como nos lo ha indicado nuestra presidenta Carmen Lilia Canturosas\u201d, se\u00f1al\u00f3 Marcos Rodr\u00edguez Leija, director de Turismo municipal.<\/p>\n\n\n\n<p>La ruta de los 22 kil\u00f3metros abarca las principales arterias de ambos Laredos, como la Convento, 15 de Junio, C\u00e9sar L\u00f3pez de Lara, Reforma, Paseo Col\u00f3n, Ru\u00edz Cort\u00ednes, para concluir en la Explanada de la Independencia donde se ha programado programa art\u00edstico y cultural.<\/p>\n\n\n\n<p>Durante el recorrido de alrededor de 3 horas de duraci\u00f3n, los aproximadamente 800 atletas que se esperan participen, contar\u00e1n con el apoyo y seguridad de elementos de diversas corporaciones como Protecci\u00f3n Civil, Tr\u00e1nsito y voluntarios; adem\u00e1s habr\u00e1 puntos estrat\u00e9gicos de hidrataci\u00f3n.<\/p>\n\n\n\n<p>Aparte de los premios en efectivo para los ganadores en las diversas categor\u00edas y que van de 10 mil pesos para el triunfador absoluto, un atractivo adicional es que a partir de la pr\u00f3xima edici\u00f3n de esta carrera, contar\u00e1 con certificaci\u00f3n oficial para participar en el mundialmente reconocido Marat\u00f3n de Boston.<\/p>\n\n\n\n<p>Adem\u00e1s, las personas que no cuenten con visa para cruzar al lado americano, se le buscar\u00e1 un permiso de migraci\u00f3n especial para que puedan hacerlo.<\/p>\n\n\n\n<p>Los interesados en inscribirse pueden solicitar m\u00e1s informaci\u00f3n a los tel\u00e9fonos 867- 713-07020 \u00f3 867- 713-7021, tambi\u00e9n en la p\u00e1gina nld.gob.mx, siendo el costo de 150 pesos y recibir\u00e1n un kit conmemorativo a la carrera.<\/p>\n","protected":false},"excerpt":{"rendered":"<p>Nuevo Laredo, Tamps.- Con la finalidad de fomentar el turismo deportivo y proyectar a ambos Laredos a nivel internacional, el Gobierno Municipal a trav\u00e9s de la Direcci\u00f3n de Turismo, invita &hellip; <a href=\"http:\/\/revistalaneta.com.mx\/?p=13582\" class=\"more-link\">Leer m\u00e1s<\/a><\/p>\n","protected":false},"author":1,"featured_media":13581,"comment_status":"open","ping_status":"open","sticky":false,"template":"","format":"standard","meta":{"footnotes":""},"categories":[4],"tags":[],"class_list":["post-13582","post","type-post","status-publish","format-standard","has-post-thumbnail","hentry","category-nuevo-laredo","entry"],"_links":{"self":[{"href":"http:\/\/revistalaneta.com.mx\/index.php?rest_route=\/wp\/v2\/posts\/13582","targetHints":{"allow":["GET"]}}],"collection":[{"href":"http:\/\/revistalaneta.com.mx\/index.php?rest_route=\/wp\/v2\/posts"}],"about":[{"href":"http:\/\/revistalaneta.com.mx\/index.php?rest_route=\/wp\/v2\/types\/post"}],"author":[{"embeddable":true,"href":"http:\/\/revistalaneta.com.mx\/index.php?rest_route=\/wp\/v2\/users\/1"}],"replies":[{"embeddable":true,"href":"http:\/\/revistalaneta.com.mx\/index.php?rest_route=%2Fwp%2Fv2%2Fcomments&post=13582"}],"version-history":[{"count":1,"href":"http:\/\/revistalaneta.com.mx\/index.php?rest_route=\/wp\/v2\/posts\/13582\/revisions"}],"predecessor-version":[{"id":13583,"href":"http:\/\/revistalaneta.com.mx\/index.php?rest_route=\/wp\/v2\/posts\/13582\/revisions\/13583"}],"wp:featuredmedia":[{"embeddable":true,"href":"http:\/\/revistalaneta.com.mx\/index.php?rest_route=\/wp\/v2\/media\/13581"}],"wp:attachment":[{"href":"http:\/\/revistalaneta.com.mx\/index.php?rest_route=%2Fwp%2Fv2%2Fmedia&parent=13582"}],"wp:term":[{"taxonomy":"category","embeddable":true,"href":"http:\/\/revistalaneta.com.mx\/index.php?rest_route=%2Fwp%2Fv2%2Fcategories&post=13582"},{"taxonomy":"post_tag","embeddable":true,"href":"http:\/\/revistalaneta.com.mx\/index.php?rest_route=%2Fwp%2Fv2%2Ftags&post=13582"}],"curies":[{"name":"wp","href":"https:\/\/api.w.org\/{rel}","templated":true}]}}