{"id":13591,"date":"2024-08-30T14:57:48","date_gmt":"2024-08-30T14:57:48","guid":{"rendered":"http:\/\/revistalaneta.com.mx\/?p=13591"},"modified":"2024-08-30T14:58:26","modified_gmt":"2024-08-30T14:58:26","slug":"continuan-los-apagones-de-luz","status":"publish","type":"post","link":"http:\/\/revistalaneta.com.mx\/?p=13591","title":{"rendered":"CONTIN\u00daAN LOS APAGONES DE LUZ"},"content":{"rendered":"\n<p><br>Siguen los apagones de energ\u00eda el\u00e9ctrica en diferentes sectores de Nuevo Laredo. Este martes por ejemplo se quedaron por varias horas sin luz en las colonias Infonavit Fundadores y el fraccionamiento Benito Ju\u00e1rez. Y obvio las quejas al respecto son constantes, pero mayor es la frustraci\u00f3n de que en la Comisi\u00f3n Federal de Electricidad (CFE) nunca contestan las llamadas de los tel\u00e9fonos para reportar las fallas. Aparte hay lugares donde los apagones se dan de manera continua en lapso de dos horas (como es el caso de la cuadra 10 de Jes\u00fas Guajardo Norte), lo que pone en riesgo los aparatos el\u00e9ctricos y electrodom\u00e9sticos de los usuarios. De hecho, en la referida cuadra ya van varias personas que se quejan de que se les han echado a perder algunos aparatos, entre ellos aires acondicionados y refrigeradores. Ojal\u00e1 la CFE atienda estos problemas, que cada vez afectan a m\u00e1s usuarios del servicio el\u00e9ctrico.<\/p>\n\n\n\n<p>URGE AGILIZAR TR\u00c1FICO VIAL<br \/>Estar\u00eda bien que del \u00e1rea de semaforizaci\u00f3n del Ayuntamiento de Nuevo Laredo alargara los tiempos de los sem\u00e1foros en algunos cruceros donde se est\u00e1 dando mucho tr\u00e1fico vehicular, sobre todo tras el regreso a clases. Y entre estos cruceros est\u00e1n los que convergen con la Municipio Libre, a la altura de Prolongaci\u00f3n Eva Samano, Prolongaci\u00f3n Monterrey y Reforma. Y digo concretamente la Municipio Libre, porque es una de las principales arterias que conecta al sur-poniente de la ciudad, con el resto de la mancha urbana, y en las ma\u00f1anas, entre las 06.45 y 08.15 horas, hay una saturaci\u00f3n tremenda sobre dicha arteria, y en ocasiones los automovilistas tienen que esperar hasta el tercer verde en el sem\u00e1foro para cruzar cada arteria. Y con un poquito de tiempo que se les agregue, habr\u00eda una mayor agilizaci\u00f3n del tr\u00e1fico. Digo \u00bfno?<\/p>\n\n\n\n<p>LO MISMO DE SIEMPRE EN LAS ESCUELAS<br \/>Acaba de iniciar el nuevo ciclo escolar, y en algunas escuelas de Nuevo Laredo les est\u00e1n dando salida tempranera a los chamacos, bajo el argumento de que hace mucho calor. Se supone que en el turno matutino deben salir a las 12:45 horas y sin embargo en algunos planteles ayer salieron a las 11 de la ma\u00f1ana. Total, que siempre hay pretextos para no educar debidamente a los chamacos. De por s\u00ed que con la Nueva Escuela Mexicana no se vislumbra que se vaya aprender mucho, y con estas decisiones de los maestros, de acortar las horas de estudio. pues peor. Por eso estamos como estamos en educaci\u00f3n, y por eso vamos camino a la improductividad entre las nuevas generaciones.<\/p>\n\n\n\n<p>TOMA PARTE IMELDA SANMIGUEL EN PLENARIA DEL PAN<br \/>La senadora electa Imelda Sanmiguel S\u00e1nchez particip\u00f3 en la reuni\u00f3n plenaria del Grupo Parlamentario del Senado del Partido Acci\u00f3n Nacional (PAN) celebrada en Quer\u00e9taro, y donde se dictaron las acciones que emprender\u00e1 dicho grupo en defensa de sus ideales, que obviamente son contrarios a los de la Cuarta Transformaci\u00f3n, as\u00ed como tambi\u00e9n firmaron un acuerdo para mantenerse unidos y leales a su partido. Por cierto que la coordinadora del PAN en el Senado de la Rep\u00fablica va a ser Guadalupe Murgu\u00eda Guti\u00e9rrez, quien por lo tanto estar\u00e1 al frente del grupo de 22 senadores panistas, entre ellos la neolaredense Imelda Sanmiguel.<\/p>\n\n\n\n<p>SESI\u00d3N DE CABILDO<br \/>El Cabildo de Nuevo Laredo aprob\u00f3 por unanimidad ceder en comodato la nueva Preparatoria Municipal ubicada al sur-poniente de la ciudad, a la Universidad Aut\u00f3noma de Tamaulipas (UAT), para operarla en beneficio de la comunidad neolaredense. En esta misma sesi\u00f3n los miembros del cuerpo edilicio brindaron un reconocimiento a Do\u00f1a Ninfa De\u00e1ndar Mart\u00ednez, editora del peri\u00f3dico El Ma\u00f1ana, medio que cumple 100 de informar en Nuevo Laredo, y que se hizo extensivo a sus hijos Heriberto, Ram\u00f3n y Ninfa Cant\u00fa De\u00e1ndar. Bien merecido dicho reconocimiento por parte del Gobierno Municipal de Nuevo Laredo que encabeza Carmen Lilia Canturosas Villarreal.<\/p>\n\n\n\n<p>BENEFICIA INFONAVIT A JUBILADOS<br \/>En los \u00faltimos 10 meses un total de mil 237 personas jubiladas han visto reducida la mensualidad de sus pagos ante el Instituto del Fondo Nacional para la Vivienda de los Trabajadores (INFONAVIT), esto como parte del programa Apoyo a Jubilados instaurado por dicho instituto. Seg\u00fan un comunicado del propio INFONAVIT, desde noviembre del 2023 que se aplic\u00f3 el referido programa, a la fecha, se ha logrado que los beneficiados paguen solamente el 25 por ciento del monto de su pensi\u00f3n mensual, m\u00e1s los seguros y comisiones, por sus cr\u00e9ditos de vivienda. Esto obviamente ha aligerado la carga financiera de tales personas, que antes de dicho beneficio destinaban hasta la mitad de sus pensiones para el pago de sus cr\u00e9ditos. Cabe indicar que todav\u00eda m\u00e1s jubilados con cr\u00e9ditos del INFONAVIT pueden beneficiarse con dicho programa, para lo cual requieren ser jubilados o pensionados por cesant\u00eda en edad avanzada o vejez, no estar cotizando ante el Instituto Mexicano del Seguro Social (IMSS), y haber pagado m\u00e1s de 120 mensualidades completas, debiendo acudir a la oficina del instituto de su localidad, llevado identificaci\u00f3n oficial vigente y dictamen o resoluci\u00f3n de jubilaci\u00f3n o pensi\u00f3n por vejez o cesant\u00eda en edad avanzada emitido por el IMSS, ISSSTE, Afore o aseguradora.<\/p>\n\n\n\n<p>OBTIENE LA STPS CONSTANCIA COMO CAPACITADOR EXTERNO<br \/>La Secretar\u00eda del Trabajo y Previsi\u00f3n Social (STPS) de Tamaulipas, obtuvo la constancia que le acredita como agente capacitador externo por parte del gobierno federal, con lo que se podr\u00e1 otorgar la constancia de habilidades laborales DC3 con validez oficial por un a\u00f1o y para eso se cuenta con instructores capacitados para impartir cursos, talleres y normas oficiales mexicanas entre otras. Fue el titular de dicha dependencia, Gerardo Illoldi Reyes, quien dio la bienvenida a las autoridades federales que se presentaron a dar formalidad al evento en el que se certific\u00f3 a dicha dependencia y a la vez se le entreg\u00f3 el registro oficial SFG-210216-AJP-0013.<\/p>\n\n\n\n<p>ACUDE RECTOR DE LA UAT A LA FILUNI 2024<br \/>La Universidad Aut\u00f3noma de Tamaulipas (UAT) est\u00e1 tomando parte en la VI Feria Internacional del Libro de las Universitarias y los Universitarios (FILUNI 2024), evento celebrado por la Universidad Nacional Aut\u00f3noma de M\u00e9xico (UNAM) y que inici\u00f3 este martes 27 de agosto y se mantendr\u00e1 hasta el domingo 1 de septiembre en el Centro de Exposiciones y Congresos de la m\u00e1xima casa de estudios del pa\u00eds. A la inauguraci\u00f3n de dicho evento acudi\u00f3 el rector de la UAT, D\u00e1maso Anaya Alvarado, atendiendo la invitaci\u00f3n expresa que se le hizo, y donde tuvo la oportunidad de recibir en el m\u00f3dulo adscrito a la UAT a distinguidas personalidades acad\u00e9micas, entre ellos a s hom\u00f3logo, el Dr. Leonardo Lomel\u00ed Vanegas; al rector de la Universidad de la Rep\u00fablica de Uruguay (UDELAR), Prof. Rodrigo Ar\u00edm; y a la coordinadora de Difusi\u00f3n Cultural de la UNAM, Dra. Rosa Beltr\u00e1n \u00c1lvarez. En el evento Anaya Alvarado destac\u00f3 que dicha feria es una fiesta cultural donde convergen las ideas, la creatividad y la reflexi\u00f3n, reforzando los lazos entre instituciones educativas y creando puentes hacia un futuro m\u00e1s informado y libre.<\/p>\n\n\n\n<p>LO \u00daLTIMO<br \/>El diputado federal electo por Nuevo Laredo, Carlos Canturosas Villarreal, particip\u00f3 en la reuni\u00f3n que el grupo parlamentario de MORENA ante la pr\u00f3xima legislatura de la C\u00e1mara de Diputados, sostuvo con la presidenta electa de M\u00e9xico, Claudia Sheinbaum Pardo, en la capital del pa\u00eds, y donde ratificaron el compromiso de continuar trabajando por la 4T\u2026 Una nueva tienda Oxxo con gasolinera es la que se abrir\u00e1 en el crucero de Prolongaci\u00f3n Eva Samano e Iglesias Calder\u00f3n, crucero que por cierto tiende a volverse completamente comercial en los pr\u00f3ximos meses, pues se sabe que hay otros proyectos de negocios para esa \u00e1rea\u2026 El presidente de la Asociaci\u00f3n de Agentes Aduanales de Nuevo Laredo (AAANLD), Jos\u00e9 Ignacio Zaragoza Ambrosi, sostuvo recientemente un encuentro con el presidente del Consejo Coordinador Empresarial, Francisco Cervantes D\u00edaz, con quien intercambio proyectos que fortalecer\u00e1n el desarrollo de esta regi\u00f3n fronteriza. Como siempre I\u00f1aki Zaragoza buscando mayores beneficios para sus agremiados, y sobre todo para Nuevo Laredo\u2026 Este martes volvi\u00f3 a lloviznar en algunas partes de Nuevo Laredo. Y digo que volvi\u00f3, porque el lunes tambi\u00e9n cay\u00f3 algo de agua en diversos sectores, principalmente al sur de la ciudad. Poco, pero cay\u00f3 agua, y eso ya es ganancia, y sobre todo bendici\u00f3n\u2026 Y no se les olvide que septiembre es el mes del testamento. As\u00ed que s\u00ed no han hecho a\u00fan su testamento, tendr\u00e1n todo un mes, a partir del domingo, para hacerlo, a un precio m\u00e1s econ\u00f3mico que el resto del a\u00f1o.<\/p>\n","protected":false},"excerpt":{"rendered":"<p>Siguen los apagones de energ\u00eda el\u00e9ctrica en diferentes sectores de Nuevo Laredo. Este martes por ejemplo se quedaron por varias horas sin luz en las colonias Infonavit Fundadores y el &hellip; <a href=\"http:\/\/revistalaneta.com.mx\/?p=13591\" class=\"more-link\">Leer m\u00e1s<\/a><\/p>\n","protected":false},"author":1,"featured_media":13590,"comment_status":"open","ping_status":"open","sticky":false,"template":"","format":"standard","meta":{"footnotes":""},"categories":[2],"tags":[],"class_list":["post-13591","post","type-post","status-publish","format-standard","has-post-thumbnail","hentry","category-chismorreo","entry"],"_links":{"self":[{"href":"http:\/\/revistalaneta.com.mx\/index.php?rest_route=\/wp\/v2\/posts\/13591","targetHints":{"allow":["GET"]}}],"collection":[{"href":"http:\/\/revistalaneta.com.mx\/index.php?rest_route=\/wp\/v2\/posts"}],"about":[{"href":"http:\/\/revistalaneta.com.mx\/index.php?rest_route=\/wp\/v2\/types\/post"}],"author":[{"embeddable":true,"href":"http:\/\/revistalaneta.com.mx\/index.php?rest_route=\/wp\/v2\/users\/1"}],"replies":[{"embeddable":true,"href":"http:\/\/revistalaneta.com.mx\/index.php?rest_route=%2Fwp%2Fv2%2Fcomments&post=13591"}],"version-history":[{"count":1,"href":"http:\/\/revistalaneta.com.mx\/index.php?rest_route=\/wp\/v2\/posts\/13591\/revisions"}],"predecessor-version":[{"id":13592,"href":"http:\/\/revistalaneta.com.mx\/index.php?rest_route=\/wp\/v2\/posts\/13591\/revisions\/13592"}],"wp:featuredmedia":[{"embeddable":true,"href":"http:\/\/revistalaneta.com.mx\/index.php?rest_route=\/wp\/v2\/media\/13590"}],"wp:attachment":[{"href":"http:\/\/revistalaneta.com.mx\/index.php?rest_route=%2Fwp%2Fv2%2Fmedia&parent=13591"}],"wp:term":[{"taxonomy":"category","embeddable":true,"href":"http:\/\/revistalaneta.com.mx\/index.php?rest_route=%2Fwp%2Fv2%2Fcategories&post=13591"},{"taxonomy":"post_tag","embeddable":true,"href":"http:\/\/revistalaneta.com.mx\/index.php?rest_route=%2Fwp%2Fv2%2Ftags&post=13591"}],"curies":[{"name":"wp","href":"https:\/\/api.w.org\/{rel}","templated":true}]}}