{"id":13603,"date":"2024-08-30T15:07:58","date_gmt":"2024-08-30T15:07:58","guid":{"rendered":"http:\/\/revistalaneta.com.mx\/?p=13603"},"modified":"2024-08-31T13:53:34","modified_gmt":"2024-08-31T13:53:34","slug":"se-incorpora-carlos-canturosas-a-morena","status":"publish","type":"post","link":"http:\/\/revistalaneta.com.mx\/?p=13603","title":{"rendered":"SE INCORPORA CARLOS CANTUROSAS A MORENA"},"content":{"rendered":"\n<p><br>El diputado federal electo por Nuevo Laredo, Carlos Canturosas Villarreal, se encuentra entre los 15 legisladores que el Partido Verde Ecologista de M\u00e9xico (PVEM) le cedi\u00f3 al Movimiento de Regeneraci\u00f3n Nacional (MORENA) en la C\u00e1mara de Diputados. Dicha cesi\u00f3n se dio para que MORENA pueda tener 251 diputados federales y con ello pueda garantizar tener el control de la Junta de Coordinaci\u00f3n Pol\u00edtica de la C\u00e1mara de Diputados los tres a\u00f1os que va a durar la Sexag\u00e9sima Sexta Legislatura. Cabe recordar que aunque CCR fue candidato a diputado federal por la coalici\u00f3n MORENA-PVEM-PT, fue siglado por el Verde, pero realmente el es morenista, por lo que en su caso, al igual que los dem\u00e1s, no hace m\u00e1s que volver a su origen. Por cierto que este mismo jueves Carlos Canturosas Villarreal tom\u00f3 protesta como diputado federal, al igual que todos sus colegas, esto en la C\u00e1mara de Diputados. Y claro que hay confianza en que desempe\u00f1e una gran labor legislativa, pues sabemos de su gran compromiso pol\u00edtico y moral con los neolaredenses.<\/p>\n\n\n\n<p>CUMPLE CARMEN LILIA CON EL PAGO DE BECAS Y APOYO A MAESTROS<br \/>Tal y como se comprometi\u00f3, la alcaldesa Carmen Lilia Canturosas Villarreal cumpli\u00f3 en tiempo y forma con el pago de becas adicionales a diferentes grupos de estudiantes, as\u00ed como tambi\u00e9n con el bono de reconocimiento a los maestros de esta ciudad fronteriza. En este tenor el Gobierno Municipal de Nuevo Laredo dispers\u00f3 m\u00e1s de 12 millones de pesos en dichos apoyos que beneficiaron a 713 alumnos y 4 mil 125 maestros. Los respaldos econ\u00f3micos brindados fueron la Beca UNE a la Excelencia Universitaria, donde se benefici\u00f3 a 289 estudiantes con ocho mil pesos para cada uno, as\u00ed como la Beca UNE a la Educaci\u00f3n Especial donde se favorecieron 190 alumnos con un apoyo de 5 mil pesos, adem\u00e1s de la Beca UNE para T\u00edtulo Profesional, que benefici\u00f3 a 234 estudiantes egresados de la Escuela Normal Urbana Cuauht\u00e9moc, Universidad Pedag\u00f3gica Nacional, Facultad de Comercio, Administraci\u00f3n y Ciencias Sociales UAT y del Instituto Tecnol\u00f3gico de Nuevo, y que fueron respaldados con un monto global de 920 mil 580 pesos, para el tr\u00e1mite del referido documento. A su vez a cada uno de los maestros se les dio un apoyo de dos mil pesos, como bono por su labor. De esta manera Carmen Lilia Canturosas Villarreal reafirma su compromiso con la educaci\u00f3n.<\/p>\n\n\n\n<p>REGIDOR CHAMBEADOR<br \/>Quien sigue muy activo es el regidor neolaredense Enrique Figuera Rocha, quien contin\u00faa con la entrega de despensas y otros art\u00edculos, a habitantes de su sector, que comprende las colonias Nueva Era, Villas de Sanmiguel y otras del poniente de la ciudad. Enrique ha sido de los pocos regidores que ha estado en constante contacto directo con sus representados, y lo sigue haciendo a casi un mes de terminar la presente administraci\u00f3n municipal. De hecho hace unos d\u00edas llev\u00f3 unos aparatos ortop\u00e9dicos a gente que se los solicit\u00f3, y as\u00ed continuamente genera beneficios. Y aunque Enrique ha sido reelegido, ya no le va a tocar el mismo sector, sino que ahora atender\u00e1 a vecinos del sur de la ciudad, donde se espera siga con esa intensa actividad que siempre le ha caracterizado.<\/p>\n\n\n\n<p>\u00daLTIMO MES DE JALE<br \/>Y hablando de los regidores del Cabildo de Nuevo Laredo, la mayor\u00eda se apresta a culminar su gesti\u00f3n, pues ya les queda poco m\u00e1s de un mes para ello. Y es que de todos los miembros del Cabildo solo cuatro van a seguir en sus cargos, siendo estos Santos Francisco Hern\u00e1ndez Aguilar, Jos\u00e9 Zapata Mu\u00f1iz, Macarena Gonz\u00e1lez N\u00fa\u00f1ez y el propio Enrique Figueroa Rocha. De los dem\u00e1s hay cuatro que estar\u00e1n, pero como suplentes de ediles, siendo estos Francisco Javier Altamirano Carrasco, Mariza Zarate Flores, Nubia Lizeth Almaguer y Ericka Mendoza Ch\u00e1vez, y el resto abandona sus puestos. Aunque muy probablemente una buena parte de ellos contin\u00faen en el servicio p\u00fablico, con cargos dentro de la pr\u00f3xima administraci\u00f3n municipal, pero eso ya lo decidir\u00e1 Carmen Lilia Canturosas Villarreal, m\u00e1s adelante. Pero por mientras y por lo tanto, todav\u00eda tienen un mes para seguir sirviendo al pueblo.<\/p>\n\n\n\n<p>ABREN REGISTRO A PROGRAMA DE APOYO ESCOLAR<br \/>Ya est\u00e1 abierto el registro para el programa \u201cApoyo Integral, Educativo y Emocional\u201d que ofrece el Gobierno Municipal de Nuevo Laredo, y que va dirigido a menores de 6 a 12 a\u00f1os de edad con dificultades en el \u00e1rea acad\u00e9mica y emocional: lecto-escritura, espa\u00f1ol, matem\u00e1ticas y psicolog\u00eda. Los registros se efectuar\u00e1n del 2 a 12 de septiembre en diversas sedes como: turno matutino en las escuelas primarias \u201cJuan B. Tijerina\u201d, \u201cAntonio Eleodoro V\u00e9lez Castro\u201d, \u201cRevoluci\u00f3n\u201d, \u201cFundadores de Nuevo Laredo\u201d, \u201cOlivia Ram\u00edrez\u201d, \u201cGuadalupe Victoria\u201d, y en el turno vespertino en la primaria \u201cGuadalupe Victoria\u201d, Biblioteca \u201cOctavio Paz\u201d, adem\u00e1s de los centros comunitarios: Campo Real, Nueva Victoria, Palmares y Villas de San Miguel, y tambi\u00e9n los Centros Integrales Comunitarios UNE ubicados en las colonias Solidaridad y San Mauricio. El horario de registro es de lunes a viernes; matutino ser\u00e1 de 8 a 10 de la ma\u00f1ana y de 10 de la ma\u00f1ana a 12 del mediod\u00eda. Mientras que el vespertino ser\u00e1 de 2 a 4 de la tarde y 4 a 6 de la tarde. El curso es de septiembre a diciembre, y las clases dar\u00e1n inicio el pr\u00f3ximo 16 de septiembre.<\/p>\n\n\n\n<p>CR\u00cdTICAS A LA AUTOPISTA<br \/>Mucha raz\u00f3n tiene el presidente de la Asociaci\u00f3n de Transportistas de Carga (ATC) de Nuevo Laredo, Carlos Fern\u00e1ndez Mart\u00ednez, al manifestar que la autopista Nuevo Laredo-Monterrey ya es insuficiente para atender la alta demanda de carga que se maneja en dicho corredor, a la vez que lament\u00f3 no tener la respuesta debida de las autoridades federales para atender el problema que representa la saturaci\u00f3n en dicho camino, y sobre todo los constantes cierre de la misma por los accidentes que se registran, adem\u00e1s de otras cosas que se presentan como el no tener acotamientos, no haber las se\u00f1ales debidas, las fallas constantes en el cobro automatizado, y en fin la falta de una debida infraestructura, lo que genera p\u00e9rdidas millonarias en el manejo de las mercanc\u00edas. Dijo que se supone que la autopista es para ahorrar tiempo, pero ya sale lo mismo circular por esta o por la carretera nacional. Es mi particular punto de vista, hay ocasiones en que se llega m\u00e1s r\u00e1pido por la nacional, que por la autopista. Y s\u00ed, las quejas siguen, pero nadie hace nada al respecto.<\/p>\n\n\n\n<p>FIRMAN ACUERDO PARA APOYAR A EMPRESAS TAMAULIPECAS<br \/>Bajo el firme prop\u00f3sito de respaldar la competitividad log\u00edstica de empresas tamaulipecas y su incursi\u00f3n en los mercados nacionales e internacionales, la Secretar\u00eda de Econom\u00eda, a cargo de la neolaredense Ninfa Cant\u00fa De\u00e1ndar, llev\u00f3 a cabo una firma de convenio de colaboraci\u00f3n con la empresa global United Parcel Service, UPS, que facilitar\u00e1 el acceso de las MiPyMEs a entrenamientos especializados, descuentos de hasta el 50 por ciento en el portafolio de servicios de paqueter\u00eda y mensajer\u00eda de UPS para contribuir al mejoramiento de su productividad y competitividad. En este tenor Ninfa Cant\u00fa dijo que con esto las empresas no solo ganan acceso a mercados globales, sino que tambi\u00e9n lo hacen respaldadas por la experiencia y la calidad que UPS ofrece, a la vez que asever\u00f3 que el gobierno que encabeza Am\u00e9rico Villarreal trabaja para apoyar a que las MiPyMEs accedan a servicios de la m\u00e1s alta calidad, en un entorno global donde las cadenas de suministro est\u00e1n en constante transformaci\u00f3n.<\/p>\n\n\n\n<p>APRUEBAN ESTADOS FINANCIEROS DE LA UAT<br \/>Fueron aprobados los estados financieros y las modificaciones al presupuesto de ingresos y egresos de la Universidad Aut\u00f3noma de Tamaulipas, al cierre del 30 de junio de 2024. Fue durante la cent\u00e9sima d\u00e9cima octava reuni\u00f3n ordinaria del Patronato de la UAT, celebrada en Ciudad Victoria, y presidida por el Dr. Francisco Javier Rivera Cortez, representante por Ciudad Mante, que se dio la referida aprobaci\u00f3n, luego de la respectiva presentaci\u00f3n del informe correspondiente por parte del rector de la UAT, MVZ D\u00e1maso Anaya Alvarado. Aparte de dicho informe el rector dio a conocer diversas acciones que se han estado llevando a cabo en la m\u00e1xima casa de estudios de Tamaulipas, y donde resalt\u00f3 que a partir de este a\u00f1o por primera vez se ofrecer\u00e1 educaci\u00f3n media superior a los j\u00f3venes de Nuevo Laredo, gracias a la estrecha vinculaci\u00f3n y colaboraci\u00f3n con el Ayuntamiento de este municipio.<\/p>\n\n\n\n<p>LO \u00daLTIMO<br \/>Muchas felicidades al amigo arquitecto Gerardo \u00c1lvarez Moreno, quien este viernes est\u00e1 de manteles largos. \u00a1Muchos m\u00e1s d\u00edas de estos Jerry!\u2026 Ya preparan las autoridades de los Dos Laredos segunda edici\u00f3n del Medio Marat\u00f3n Binacional, el cual se tiene programado realizarlo el 22 de septiembre. Dicho evento es organizado tanto por el Gobierno Municipal de Nuevo Laredo, como por la Ciudad de Laredo, e iniciar\u00e1 en la plaza Jarvis de la vecina ciudad, para terminar en la explanada Independencia, en el lado mexicano. Con esto se espera promover el turismo y afianzar los lazos de amistad entre los Dos Laredos\u2026 El agente aduanal Alejandro S\u00e1nchez se desisti\u00f3 del recurso de revisi\u00f3n de una demanda de juicio civil que interpuso ante la Asociaci\u00f3n de Agentes Aduanales de Nuevo Laredo (AAANLD). Se entiende la situaci\u00f3n, pues ahora pretende ser candidato a la presidencia de dicho organismo. Sin embargo, el da\u00f1o ya est\u00e1 hecho.<\/p>\n","protected":false},"excerpt":{"rendered":"<p>El diputado federal electo por Nuevo Laredo, Carlos Canturosas Villarreal, se encuentra entre los 15 legisladores que el Partido Verde Ecologista de M\u00e9xico (PVEM) le cedi\u00f3 al Movimiento de Regeneraci\u00f3n &hellip; <a href=\"http:\/\/revistalaneta.com.mx\/?p=13603\" class=\"more-link\">Leer m\u00e1s<\/a><\/p>\n","protected":false},"author":1,"featured_media":13602,"comment_status":"open","ping_status":"open","sticky":false,"template":"","format":"standard","meta":{"footnotes":""},"categories":[2,3],"tags":[],"class_list":["post-13603","post","type-post","status-publish","format-standard","has-post-thumbnail","hentry","category-chismorreo","category-opinion","entry"],"_links":{"self":[{"href":"http:\/\/revistalaneta.com.mx\/index.php?rest_route=\/wp\/v2\/posts\/13603","targetHints":{"allow":["GET"]}}],"collection":[{"href":"http:\/\/revistalaneta.com.mx\/index.php?rest_route=\/wp\/v2\/posts"}],"about":[{"href":"http:\/\/revistalaneta.com.mx\/index.php?rest_route=\/wp\/v2\/types\/post"}],"author":[{"embeddable":true,"href":"http:\/\/revistalaneta.com.mx\/index.php?rest_route=\/wp\/v2\/users\/1"}],"replies":[{"embeddable":true,"href":"http:\/\/revistalaneta.com.mx\/index.php?rest_route=%2Fwp%2Fv2%2Fcomments&post=13603"}],"version-history":[{"count":1,"href":"http:\/\/revistalaneta.com.mx\/index.php?rest_route=\/wp\/v2\/posts\/13603\/revisions"}],"predecessor-version":[{"id":13604,"href":"http:\/\/revistalaneta.com.mx\/index.php?rest_route=\/wp\/v2\/posts\/13603\/revisions\/13604"}],"wp:featuredmedia":[{"embeddable":true,"href":"http:\/\/revistalaneta.com.mx\/index.php?rest_route=\/wp\/v2\/media\/13602"}],"wp:attachment":[{"href":"http:\/\/revistalaneta.com.mx\/index.php?rest_route=%2Fwp%2Fv2%2Fmedia&parent=13603"}],"wp:term":[{"taxonomy":"category","embeddable":true,"href":"http:\/\/revistalaneta.com.mx\/index.php?rest_route=%2Fwp%2Fv2%2Fcategories&post=13603"},{"taxonomy":"post_tag","embeddable":true,"href":"http:\/\/revistalaneta.com.mx\/index.php?rest_route=%2Fwp%2Fv2%2Ftags&post=13603"}],"curies":[{"name":"wp","href":"https:\/\/api.w.org\/{rel}","templated":true}]}}