{"id":13609,"date":"2024-08-31T13:56:47","date_gmt":"2024-08-31T13:56:47","guid":{"rendered":"http:\/\/revistalaneta.com.mx\/?p=13609"},"modified":"2024-08-31T13:57:06","modified_gmt":"2024-08-31T13:57:06","slug":"se-registra-carlos-canturosas-como-diputado-federal-de-la-lxvi-legislatura","status":"publish","type":"post","link":"http:\/\/revistalaneta.com.mx\/?p=13609","title":{"rendered":"Se registra Carlos Canturosas como diputado federal de la LXVI Legislatura"},"content":{"rendered":"\n<p><\/p>\n\n\n\n<p>Nuevo Laredo, Tamps.- Este mi\u00e9rcoles 28 de agosto, Carlos Canturosas Villarreal se present\u00f3 en la C\u00e1mara de Diputados para registrarse como Diputado Federal de la LXVI Legislatura, de la que formar\u00e1 parte junto a otros 499 diputados y 128 senadores.<\/p>\n\n\n\n<p>Tras su registro, el diputado federal electo por el Distrito I con cabecera en Nuevo Laredo, expres\u00f3 que legislar\u00e1 con responsabilidad y sentido humanista a favor de los neolaredenses y todo Tamaulipas junto a sus compa\u00f1eros de bancada.<\/p>\n\n\n\n<p>\u201cServir\u00e9 con amor al pueblo, con sinergia ante las autoridades municipales, estatales y federales para llevar a nuestra ciudad y estado al siguiente nivel\u201d, enalteci\u00f3.<\/p>\n\n\n\n<p>Reiter\u00f3 que apoyar\u00e1 las iniciativas de la presidenta electa, Claudia Sheinbaum Pardo a beneficio de todos los mexicanos para dar seguimiento al proyecto de transformaci\u00f3n que inici\u00f3 el actual presidente Andr\u00e9s Manuel L\u00f3pez Obrador.<\/p>\n\n\n\n<p>Carlos Canturosas tambi\u00e9n asegur\u00f3 que su prioridad como legislador es trabajar de la mano del gobernador de Tamaulipas, Am\u00e9rico Villarreal Anaya y la presidenta municipal de Nuevo Laredo, Carmen Lilia Canturosas Villarreal, para consolidar el segundo piso de la Cuarta Transformaci\u00f3n.<\/p>\n\n\n\n<p>\u201cEl trabajo en equipo es clave para traer bienestar y prosperidad a nuestra gente, juntos lograremos nuevas oportunidades y una mejor calidad de vida para todos los tamaulipecos\u201d, manifest\u00f3.<\/p>\n\n\n\n<p>Por \u00faltimo, se comprometi\u00f3 a darle seguimiento a proyectos que potencializan la frontera neolaredense en materia de salud, econom\u00eda y bienestar como lo son: la equipaci\u00f3n y dotaci\u00f3n de los hospitales IMSS e ISSSTE, renovar el fideicomiso del Puente III y el mejoramiento de la Carretera a Monterrey, Piedras Negras, Colombia y An\u00e1huac, entre otros.<\/p>\n","protected":false},"excerpt":{"rendered":"<p>Nuevo Laredo, Tamps.- Este mi\u00e9rcoles 28 de agosto, Carlos Canturosas Villarreal se present\u00f3 en la C\u00e1mara de Diputados para registrarse como Diputado Federal de la LXVI Legislatura, de la que &hellip; <a href=\"http:\/\/revistalaneta.com.mx\/?p=13609\" class=\"more-link\">Leer m\u00e1s<\/a><\/p>\n","protected":false},"author":1,"featured_media":13608,"comment_status":"open","ping_status":"open","sticky":false,"template":"","format":"standard","meta":{"footnotes":""},"categories":[4],"tags":[],"class_list":["post-13609","post","type-post","status-publish","format-standard","has-post-thumbnail","hentry","category-nuevo-laredo","entry"],"_links":{"self":[{"href":"http:\/\/revistalaneta.com.mx\/index.php?rest_route=\/wp\/v2\/posts\/13609","targetHints":{"allow":["GET"]}}],"collection":[{"href":"http:\/\/revistalaneta.com.mx\/index.php?rest_route=\/wp\/v2\/posts"}],"about":[{"href":"http:\/\/revistalaneta.com.mx\/index.php?rest_route=\/wp\/v2\/types\/post"}],"author":[{"embeddable":true,"href":"http:\/\/revistalaneta.com.mx\/index.php?rest_route=\/wp\/v2\/users\/1"}],"replies":[{"embeddable":true,"href":"http:\/\/revistalaneta.com.mx\/index.php?rest_route=%2Fwp%2Fv2%2Fcomments&post=13609"}],"version-history":[{"count":1,"href":"http:\/\/revistalaneta.com.mx\/index.php?rest_route=\/wp\/v2\/posts\/13609\/revisions"}],"predecessor-version":[{"id":13610,"href":"http:\/\/revistalaneta.com.mx\/index.php?rest_route=\/wp\/v2\/posts\/13609\/revisions\/13610"}],"wp:featuredmedia":[{"embeddable":true,"href":"http:\/\/revistalaneta.com.mx\/index.php?rest_route=\/wp\/v2\/media\/13608"}],"wp:attachment":[{"href":"http:\/\/revistalaneta.com.mx\/index.php?rest_route=%2Fwp%2Fv2%2Fmedia&parent=13609"}],"wp:term":[{"taxonomy":"category","embeddable":true,"href":"http:\/\/revistalaneta.com.mx\/index.php?rest_route=%2Fwp%2Fv2%2Fcategories&post=13609"},{"taxonomy":"post_tag","embeddable":true,"href":"http:\/\/revistalaneta.com.mx\/index.php?rest_route=%2Fwp%2Fv2%2Ftags&post=13609"}],"curies":[{"name":"wp","href":"https:\/\/api.w.org\/{rel}","templated":true}]}}