{"id":13612,"date":"2024-08-31T13:58:07","date_gmt":"2024-08-31T13:58:07","guid":{"rendered":"http:\/\/revistalaneta.com.mx\/?p=13612"},"modified":"2024-08-31T13:58:23","modified_gmt":"2024-08-31T13:58:23","slug":"mujeres-inician-capacitacion-en-autotransporte-de-carga","status":"publish","type":"post","link":"http:\/\/revistalaneta.com.mx\/?p=13612","title":{"rendered":"Mujeres inician capacitaci\u00f3n en autotransporte de carga"},"content":{"rendered":"\n<p><\/p>\n\n\n\n<p>Nuevo Laredo, Tamps.- El Instituto Municipal de la Mujer de Nuevo Laredo en colaboraci\u00f3n con el Centro de Capacitaci\u00f3n para el Trabajo 193 (CECATI), dio inicio a la capacitaci\u00f3n de mujeres que desarrollar\u00e1n habilidades en el rubro de autotransporte de carga.<\/p>\n\n\n\n<p>Esta iniciativa es financiada con recursos del Programa para el Adelanto, Bienestar e Igualdad de las Mujeres (PROABIM), quien ha brindado una beca del 100% a las mujeres, quienes previo a una convocatoria se postularon y de acuerdo a su perfil fueron seleccionadas para beneficiarse de este programa.<\/p>\n\n\n\n<p>Las clases dieron inicio este 26 de agosto, donde aprender\u00e1n tanto los aspectos te\u00f3ricos como pr\u00e1cticos del autotransporte, siendo esta una nueva opci\u00f3n de trabajo dado a la alta demanda de personas transfer en la ciudad.<\/p>\n\n\n\n<p>Durante un periodo de tres meses y con clases de lunes a viernes, en horario vespertino, de 2:00 p.m. a 8:00 p.m., las ahora alumnas del curso de autotransporte de carga estar\u00e1n adquiriendo el conocimiento tanto del idioma ingl\u00e9s, como de las reglas y legislaci\u00f3n del transporte, para posteriormente pasar a la parte pr\u00e1ctica.<\/p>\n\n\n\n<p>Las clases se imparten en instalaciones del CECATI 193 de Nuevo Laredo.<\/p>\n\n\n\n<p>Como parte del arranque de este proyecto la Lic. Cynthia Rodr\u00edguez Leija, directora del INMUJER Nuevo Laredo, exhort\u00f3 a las seleccionadas a aprovechar esta oportunidad de capacitaci\u00f3n, ser constantes y concluir con \u00e9xito este adiestramiento, el cual puede ser una excelente fuente de empleo.<\/p>\n","protected":false},"excerpt":{"rendered":"<p>Nuevo Laredo, Tamps.- El Instituto Municipal de la Mujer de Nuevo Laredo en colaboraci\u00f3n con el Centro de Capacitaci\u00f3n para el Trabajo 193 (CECATI), dio inicio a la capacitaci\u00f3n de &hellip; <a href=\"http:\/\/revistalaneta.com.mx\/?p=13612\" class=\"more-link\">Leer m\u00e1s<\/a><\/p>\n","protected":false},"author":1,"featured_media":13611,"comment_status":"open","ping_status":"open","sticky":false,"template":"","format":"standard","meta":{"footnotes":""},"categories":[4],"tags":[],"class_list":["post-13612","post","type-post","status-publish","format-standard","has-post-thumbnail","hentry","category-nuevo-laredo","entry"],"_links":{"self":[{"href":"http:\/\/revistalaneta.com.mx\/index.php?rest_route=\/wp\/v2\/posts\/13612","targetHints":{"allow":["GET"]}}],"collection":[{"href":"http:\/\/revistalaneta.com.mx\/index.php?rest_route=\/wp\/v2\/posts"}],"about":[{"href":"http:\/\/revistalaneta.com.mx\/index.php?rest_route=\/wp\/v2\/types\/post"}],"author":[{"embeddable":true,"href":"http:\/\/revistalaneta.com.mx\/index.php?rest_route=\/wp\/v2\/users\/1"}],"replies":[{"embeddable":true,"href":"http:\/\/revistalaneta.com.mx\/index.php?rest_route=%2Fwp%2Fv2%2Fcomments&post=13612"}],"version-history":[{"count":1,"href":"http:\/\/revistalaneta.com.mx\/index.php?rest_route=\/wp\/v2\/posts\/13612\/revisions"}],"predecessor-version":[{"id":13613,"href":"http:\/\/revistalaneta.com.mx\/index.php?rest_route=\/wp\/v2\/posts\/13612\/revisions\/13613"}],"wp:featuredmedia":[{"embeddable":true,"href":"http:\/\/revistalaneta.com.mx\/index.php?rest_route=\/wp\/v2\/media\/13611"}],"wp:attachment":[{"href":"http:\/\/revistalaneta.com.mx\/index.php?rest_route=%2Fwp%2Fv2%2Fmedia&parent=13612"}],"wp:term":[{"taxonomy":"category","embeddable":true,"href":"http:\/\/revistalaneta.com.mx\/index.php?rest_route=%2Fwp%2Fv2%2Fcategories&post=13612"},{"taxonomy":"post_tag","embeddable":true,"href":"http:\/\/revistalaneta.com.mx\/index.php?rest_route=%2Fwp%2Fv2%2Ftags&post=13612"}],"curies":[{"name":"wp","href":"https:\/\/api.w.org\/{rel}","templated":true}]}}