{"id":13615,"date":"2024-08-31T13:59:56","date_gmt":"2024-08-31T13:59:56","guid":{"rendered":"http:\/\/revistalaneta.com.mx\/?p=13615"},"modified":"2024-08-31T14:00:12","modified_gmt":"2024-08-31T14:00:12","slug":"realizan-talleres-de-mediacion-para-promover-la-cultura-de-la-paz-al-cedes-victoria","status":"publish","type":"post","link":"http:\/\/revistalaneta.com.mx\/?p=13615","title":{"rendered":"Realizan talleres de mediaci\u00f3n para promover la cultura de la paz al CEDES Victoria"},"content":{"rendered":"\n<p><\/p>\n\n\n\n<p><\/p>\n\n\n\n<p>Ciudad Victoria, Tamaulipas. \u2013Como parte de las acciones para promover una cultura de paz, se llevaron a cabo dos talleres organizados por la Unidad de Mediaci\u00f3n Penitenciaria del CEDES Victoria. Los talleres fueron impartidos por el personal de la Direcci\u00f3n de Mediaci\u00f3n, que depende de la Subsecretar\u00eda de Legalidad y Servicios Gubernamentales de la Secretar\u00eda General de Gobierno, dirigida por L\u00e1zaro Jos\u00e9 Lara Balderas.<\/p>\n\n\n\n<p>Estas actividades estuvieron dirigidas a mujeres en situaci\u00f3n de reclusi\u00f3n y a adultos mayores, en el marco de las iniciativas del gobierno estatal para promover el bienestar y el crecimiento personal a trav\u00e9s de la mediaci\u00f3n.<\/p>\n\n\n\n<p>El primer taller, titulado &#8220;Mediando mi Yo Interior&#8221;, se llev\u00f3 a cabo en el m\u00f3dulo femenil con el objetivo de fomentar la auto-reflexi\u00f3n y el di\u00e1logo interno constructivo entre las participantes.<\/p>\n\n\n\n<p>A trav\u00e9s de din\u00e1micas como &#8220;Mi yo interior&#8221; y &#8220;El frasco de la Vida&#8221;, las asistentes lograron avances significativos en la auto-conciencia, la auto-aceptaci\u00f3n y el desarrollo de habilidades de auto-mediaci\u00f3n, fundamentales para su reintegraci\u00f3n social.<\/p>\n\n\n\n<p>El segundo taller, denominado \u201cMediando a trav\u00e9s de la experiencia\u201d, se desarroll\u00f3 en el m\u00f3dulo varonil y estuvo dirigido a adultos mayores, en el marco de la celebraci\u00f3n del D\u00eda del Abuelo en M\u00e9xico. Este taller tuvo como finalidad promover la reflexi\u00f3n y el di\u00e1logo constructivo, permitiendo a los participantes compartir vivencias significativas y abordar conflictos familiares mediante el uso de herramientas de mediaci\u00f3n.<\/p>\n\n\n\n<p>El gobernador de Tamaulipas, Am\u00e9rico Villarreal Anaya, ha destacado que la mediaci\u00f3n es una herramienta fundamental para avanzar hacia una sociedad m\u00e1s justa y equitativa. Bajo su liderazgo, se est\u00e1 impulsando un enfoque humanista que prioriza el bienestar de cada individuo, se\u00f1al\u00f3 Lara Balderas.<\/p>\n\n\n\n<p>Para concluir se\u00f1al\u00f3 que con estas actividades, el gobierno estatal reafirma su compromiso con la transformaci\u00f3n social a trav\u00e9s de la mediaci\u00f3n y la promoci\u00f3n de un entorno en el que cada persona pueda desarrollar habilidades para la resoluci\u00f3n pac\u00edfica de conflictos.<\/p>\n","protected":false},"excerpt":{"rendered":"<p>Ciudad Victoria, Tamaulipas. \u2013Como parte de las acciones para promover una cultura de paz, se llevaron a cabo dos talleres organizados por la Unidad de Mediaci\u00f3n Penitenciaria del CEDES Victoria. &hellip; <a href=\"http:\/\/revistalaneta.com.mx\/?p=13615\" class=\"more-link\">Leer m\u00e1s<\/a><\/p>\n","protected":false},"author":1,"featured_media":13614,"comment_status":"open","ping_status":"open","sticky":false,"template":"","format":"standard","meta":{"footnotes":""},"categories":[7],"tags":[],"class_list":["post-13615","post","type-post","status-publish","format-standard","has-post-thumbnail","hentry","category-ciudad-victoria","entry"],"_links":{"self":[{"href":"http:\/\/revistalaneta.com.mx\/index.php?rest_route=\/wp\/v2\/posts\/13615","targetHints":{"allow":["GET"]}}],"collection":[{"href":"http:\/\/revistalaneta.com.mx\/index.php?rest_route=\/wp\/v2\/posts"}],"about":[{"href":"http:\/\/revistalaneta.com.mx\/index.php?rest_route=\/wp\/v2\/types\/post"}],"author":[{"embeddable":true,"href":"http:\/\/revistalaneta.com.mx\/index.php?rest_route=\/wp\/v2\/users\/1"}],"replies":[{"embeddable":true,"href":"http:\/\/revistalaneta.com.mx\/index.php?rest_route=%2Fwp%2Fv2%2Fcomments&post=13615"}],"version-history":[{"count":1,"href":"http:\/\/revistalaneta.com.mx\/index.php?rest_route=\/wp\/v2\/posts\/13615\/revisions"}],"predecessor-version":[{"id":13616,"href":"http:\/\/revistalaneta.com.mx\/index.php?rest_route=\/wp\/v2\/posts\/13615\/revisions\/13616"}],"wp:featuredmedia":[{"embeddable":true,"href":"http:\/\/revistalaneta.com.mx\/index.php?rest_route=\/wp\/v2\/media\/13614"}],"wp:attachment":[{"href":"http:\/\/revistalaneta.com.mx\/index.php?rest_route=%2Fwp%2Fv2%2Fmedia&parent=13615"}],"wp:term":[{"taxonomy":"category","embeddable":true,"href":"http:\/\/revistalaneta.com.mx\/index.php?rest_route=%2Fwp%2Fv2%2Fcategories&post=13615"},{"taxonomy":"post_tag","embeddable":true,"href":"http:\/\/revistalaneta.com.mx\/index.php?rest_route=%2Fwp%2Fv2%2Ftags&post=13615"}],"curies":[{"name":"wp","href":"https:\/\/api.w.org\/{rel}","templated":true}]}}