{"id":13659,"date":"2024-09-02T13:57:50","date_gmt":"2024-09-02T13:57:50","guid":{"rendered":"http:\/\/revistalaneta.com.mx\/?p=13659"},"modified":"2024-09-02T13:58:08","modified_gmt":"2024-09-02T13:58:08","slug":"inauguran-la-exposicion-estados-mentales-de-chuma-montemayor-en-el-centro-cultural-tamaulipas","status":"publish","type":"post","link":"http:\/\/revistalaneta.com.mx\/?p=13659","title":{"rendered":"Inauguran la exposici\u00f3n \u201cEstados Mentales\u201d de Chuma Montemayor en el Centro Cultural Tamaulipas"},"content":{"rendered":"\n<p><\/p>\n\n\n\n<p><\/p>\n\n\n\n<p>Ciudad Victoria, Tamaulipas.- La galer\u00eda Pedro Banda del Centro Cultural Tamaulipas fue el escenario donde se inaugur\u00f3 la exposici\u00f3n \u201cEstados Mentales\u201d del artista victorense Chuma Montemayor.<\/p>\n\n\n\n<p>La muestra, curada por Virginie Kastel, consiste en 48 obras, la mayor\u00eda de ellas fotograf\u00edas que exploran la fragilidad de la entidad psicol\u00f3gica tras un suceso traum\u00e1tico que vivi\u00f3 el artista y que transform\u00f3 su visi\u00f3n, presentando una narrativa no lineal.<\/p>\n\n\n\n<p>La obra biogr\u00e1fica de Montemayor, quien por primera vez expone en Ciudad Victoria, tambi\u00e9n representa una retrospectiva de la mitad de su carrera e invita a las y los espectadores a observar estas piezas, algunas fuera de foco, desde distintos \u00e1ngulos: primero desde lejos y luego acerc\u00e1ndose, que ofrecen diferentes lecturas.<\/p>\n\n\n\n<p>Al inaugurar la exposici\u00f3n, la encargada del despacho del Instituto Tamaulipeco para la Cultura y las Artes, Aracely Sosa \u00c1lvarez, dio la bienvenida al artista Chuma Montemayor y agradeci\u00f3 su generosidad al compartir su obra con el p\u00fablico, resaltando que es en las y los espectadores donde recae el juicio final y la reflexi\u00f3n sobre el trabajo expuesto.<\/p>\n\n\n\n<p>Asimismo, la directora del Centro Cultural Tamaulipas, Iliana Laura Mart\u00ednez Leal, invit\u00f3 a todas y todos los tamaulipecos talentosos que est\u00e1n fuera de su tierra a regresar, visitarlos y compartir sus obras en este recinto cultural.<\/p>\n\n\n\n<p>Por su parte, el maestro Montemayor coment\u00f3 a los asistentes que, cuando era ni\u00f1o, presenci\u00f3 la construcci\u00f3n del Centro Cultural Tamaulipas, y expres\u00f3 su gratitud por exponer ahora en este sitio. Record\u00f3 que comenz\u00f3 su camino en la fotograf\u00eda, la cual le abri\u00f3 las puertas del arte, iniciando a intervenir las fotograf\u00edas al descubrir la gama del arte conceptual.<\/p>\n\n\n\n<p>A la inauguraci\u00f3n asistieron, entre otras autoridades, Nancy Ochoa, directora de Atenci\u00f3n Ciudadana de la Secretar\u00eda de Bienestar; Claudia Anaya Alvarado, directora general del ITACE; Delia Crespo Salda\u00f1a, directora de Relaciones P\u00fablicas y Eventos del DIF Tamaulipas; H\u00e9ctor Adame Lerma, director administrativo del ITCA; Laura Casatmijana de la Hoz, regidora de la Comisi\u00f3n de Educaci\u00f3n y Cultura del Ayuntamiento de Victoria, adem\u00e1s de familiares e invitados.<\/p>\n\n\n\n<p>\u201cEstados Mentales\u201d est\u00e1 abierta al p\u00fablico en general de forma gratuita, en la galer\u00eda Pedro Banda.<\/p>\n","protected":false},"excerpt":{"rendered":"<p>Ciudad Victoria, Tamaulipas.- La galer\u00eda Pedro Banda del Centro Cultural Tamaulipas fue el escenario donde se inaugur\u00f3 la exposici\u00f3n \u201cEstados Mentales\u201d del artista victorense Chuma Montemayor. La muestra, curada por &hellip; <a href=\"http:\/\/revistalaneta.com.mx\/?p=13659\" class=\"more-link\">Leer m\u00e1s<\/a><\/p>\n","protected":false},"author":1,"featured_media":13658,"comment_status":"open","ping_status":"open","sticky":false,"template":"","format":"standard","meta":{"footnotes":""},"categories":[7],"tags":[],"class_list":["post-13659","post","type-post","status-publish","format-standard","has-post-thumbnail","hentry","category-ciudad-victoria","entry"],"_links":{"self":[{"href":"http:\/\/revistalaneta.com.mx\/index.php?rest_route=\/wp\/v2\/posts\/13659","targetHints":{"allow":["GET"]}}],"collection":[{"href":"http:\/\/revistalaneta.com.mx\/index.php?rest_route=\/wp\/v2\/posts"}],"about":[{"href":"http:\/\/revistalaneta.com.mx\/index.php?rest_route=\/wp\/v2\/types\/post"}],"author":[{"embeddable":true,"href":"http:\/\/revistalaneta.com.mx\/index.php?rest_route=\/wp\/v2\/users\/1"}],"replies":[{"embeddable":true,"href":"http:\/\/revistalaneta.com.mx\/index.php?rest_route=%2Fwp%2Fv2%2Fcomments&post=13659"}],"version-history":[{"count":1,"href":"http:\/\/revistalaneta.com.mx\/index.php?rest_route=\/wp\/v2\/posts\/13659\/revisions"}],"predecessor-version":[{"id":13660,"href":"http:\/\/revistalaneta.com.mx\/index.php?rest_route=\/wp\/v2\/posts\/13659\/revisions\/13660"}],"wp:featuredmedia":[{"embeddable":true,"href":"http:\/\/revistalaneta.com.mx\/index.php?rest_route=\/wp\/v2\/media\/13658"}],"wp:attachment":[{"href":"http:\/\/revistalaneta.com.mx\/index.php?rest_route=%2Fwp%2Fv2%2Fmedia&parent=13659"}],"wp:term":[{"taxonomy":"category","embeddable":true,"href":"http:\/\/revistalaneta.com.mx\/index.php?rest_route=%2Fwp%2Fv2%2Fcategories&post=13659"},{"taxonomy":"post_tag","embeddable":true,"href":"http:\/\/revistalaneta.com.mx\/index.php?rest_route=%2Fwp%2Fv2%2Ftags&post=13659"}],"curies":[{"name":"wp","href":"https:\/\/api.w.org\/{rel}","templated":true}]}}