{"id":13668,"date":"2024-09-02T15:11:27","date_gmt":"2024-09-02T15:11:27","guid":{"rendered":"http:\/\/revistalaneta.com.mx\/?p=13668"},"modified":"2024-09-02T15:12:07","modified_gmt":"2024-09-02T15:12:07","slug":"profeco-debe-actuar-contra-restaurantes-que-exigen-propina","status":"publish","type":"post","link":"http:\/\/revistalaneta.com.mx\/?p=13668","title":{"rendered":"PROFECO DEBE ACTUAR CONTRA RESTAURANTES QUE EXIGEN PROPINA"},"content":{"rendered":"\n<p><br>Aunque en las redes sociales ha surgido informaci\u00f3n en sentido de que personal de la Procuradur\u00eda Federal del Consumidor (PROFECO) inici\u00f3 en Nuevo Laredo un operativo para sancionar a los restaurantes que cargan propinas del 15 por ciento a sus clientes, de manera oficial no se tiene un informe al respecto por parte de la PROFECO, pues de hecho a nivel local no hay una oficina representativa de este organismo. No obstante puede ser que sea un operativo a nivel estatal, pues en este sentido basta que las personas afectadas con dichos cobros presenten denuncias ante la referida dependencia, para que esta act\u00fae. Y eso es lo que se debe hacer, presentar denuncias contra esos restaurantes donde se aplica esa pr\u00e1ctica tan abusiva. A nivel local hay muchos negocios que lo hacen, y por lo tanto deben ser sancionados. Y ojo porque las sanciones ameritan hasta clausura de los establecimientos. As\u00ed que ojal\u00e1 s\u00ed se hagan efectivos dichos operativos.<\/p>\n\n\n\n<p>NINFA CANT\u00da SE REUNE CON MARCELO EBRARD<br \/>Sigue con una intensa labor la secretaria de Econom\u00eda de Tamaulipas, Ninfa Cant\u00fa De\u00e1ndar, y prueba de ello es que acaba de tomar parte en la reuni\u00f3n de trabajo de los miembros de la Asociaci\u00f3n Mexicana de Secretarios de Desarrollo Econ\u00f3mico (AMSDE), a la cual pertenece, con el pr\u00f3ximo secretario de Econom\u00eda a nivel federal, Marcelo Ebrard Casaub\u00f3n, donde se analizaron diferentes temas como la pr\u00f3xima revisi\u00f3n del T-MEC, adem\u00e1s de las importaciones de provenientes de Asia, as\u00ed como el nearshoring como oportunidad para M\u00e9xico, el Portafolio de inversi\u00f3n 2025 y el desarrollo tecnol\u00f3gico como valor agregado y la reducci\u00f3n de la informalidad. La neolaredense aprovech\u00f3 para dialogar con Marcelo Ebrard y presentarle la agenda de infraestructura con los proyectos estrat\u00e9gicos que est\u00e1 impulsando el gobernador Am\u00e9rico Villarreal Anaya, as\u00ed como los m\u00e1s de 117 proyectos de inversi\u00f3n que ya se tienen confirmados para la entidad en el contexto del denominado nearshoring y que representar\u00e1n una inversi\u00f3n de m\u00e1s de 19 mil millones de d\u00f3lares, adem\u00e1s de las acciones para fortalecer las MiPyMEs tamaulipecas y la Agenda 2030. As\u00ed que como se puede ver, Ninfa Cant\u00fa, est\u00e1 ejerciendo una gran labor.<\/p>\n\n\n\n<p>IMELDA Y CCR TOMAN PROTESTA ACOMPA\u00d1ADOS DE SUS FAMILIAS<br \/>Acompa\u00f1ados de sus respectivas familias, los neolaredenses Imelda Sanmiguel S\u00e1nchez y Carlos Canturosas Villarreal, tomaron protesta como senadora y diputado federal, respectivamente, para la Sexag\u00e9sima Sexta Legislatura del Congreso de la Uni\u00f3n. En el caso de Imelda le acompa\u00f1aron su hija Natalia as\u00ed como sus padres, la se\u00f1ora Imelda S\u00e1nchez de Sanmiguel, as\u00ed como su se\u00f1or padre, ex diputado federal y ex alcalde por Nuevo Laredo, Arturo Sanmiguel Cant\u00fa. Por su parte Carlos Canturosas Villarreal estuvo acompa\u00f1ado de su se\u00f1ora esposa, Belinda Serna de Canturosas, adem\u00e1s de sus hijos Carlos y Claudette. De esta manera tanto Imelda como Carlos se encuentran est\u00e1n listos para este pr\u00f3ximo domingo 1 de septiembre asumir su rol como legisladores.<\/p>\n\n\n\n<p>RECTOR DE LA UAT SEGUIR\u00c1 IMPULSANDO GESTI\u00d3N HONESTA<br \/>Seguir impulsando una gesti\u00f3n honesta y transparente, que permita continuar creciendo con responsabilidad y eficiencia en todos los rubros, fue el compromiso reafirmado por el rector de la Universidad Aut\u00f3noma de Tamaulipas (UAT), D\u00e1maso Anaya Alvarado, esto al presidir la reuni\u00f3n de la Asamblea Universitaria celebrada en la capital del estado. Ante los miembros de dicha asamblea, el responsable de la m\u00e1xima casa de estudios de la entidad dio a conocer del reciente curso que imparti\u00f3 el \u00d3rgano Interno de Control a m\u00e1s de 120 participantes, entre directivos de las dependencias acad\u00e9micas y personal de la administraci\u00f3n central, y del reciente convenio celebrado con el Ayuntamiento de Nuevo Laredo para operar la Preparatoria Municipal, que permitir\u00e1 a la casa de estudios llevar educaci\u00f3n media superior de calidad a la juventud neolaredense. Cabe apuntar que en dicha sesi\u00f3n tambi\u00e9n se aprob\u00f3 la creaci\u00f3n de la Maestr\u00eda en Derecho con \u00c9nfasis en Derecho Municipal y Derecho Parlamentario, que se ofrecer\u00e1 a legisladores y presidentes municipales de Tamaulipas.<\/p>\n\n\n\n<p>LO PEN\u00daLTIMO<br \/>Muchas felicidades a Pamela Flores, quien este s\u00e1bado cumple un a\u00f1o m\u00e1s de vida. \u00a1Enhorabuena!\u2026 Una nueva tienda Oxxo se construye en el crucero de Salinas Puga e Hidalgo en la colonia Roma. Se espera que est\u00e9 lista en menos de dos meses\u2026 Muy inestable estuvo este viernes la paridad peso-d\u00f3lar, pues hubo casas de cambio que ofrecieron el billete verde desde 19.20 a 19.60 pesos, y a la compra entre 18.00 y 18.40 pesos. A ver si este s\u00e1bado no llega a los 20 pesos de nueva cuenta\u2026 A un mes de que acabe el sexenio del gobierno federal, el precio del litro de la gasolina se ofrece en Nuevo Laredo a un promedio de 20.50 pesos, en el caso de la denominada regular. Sigue estando m\u00e1s barata del lado americano, pues all\u00e1 el costo del litro no pasa de lo 15 pesos. Y yo creo que ya no vamos a tener la gasolina a los 10 pesos que nos los prometi\u00f3 AMLO. \u00bfO todav\u00eda habr\u00e1 chance de que s\u00ed se pueda? Jejejeje\u2026 Por cierto que el domingo es el sexto y \u00faltimo informe del Presidente Andr\u00e9s Manuel L\u00f3pez Obrador. Ya veremos que nos cuenta\u2026 Este s\u00e1bado 31 de agosto se cumplen dos a\u00f1os del sentido fallecimiento del regidor Jorge Valdez Vargas, a quien se le sigue extra\u00f1ando en el \u00e1mbito pol\u00edtico local\u2026 Este s\u00e1bado no se pierdan el homenaje musical en honor al cantautor mexicano, Juan Gabriel, a ocho a\u00f1os de su sentido fallecimiento, esto a partir de las 11 de la ma\u00f1ana y hasta las 6 de la tarde por la frecuencia del 91.3 de Stereo 91. Su m\u00fasica, an\u00e9cdotas y entretenimiento habr\u00e1 durante este evento que organiza la familia Cu\u00e9llar\u2026 Y para finalizar los cl\u00e1sicos chistecillos sabatinos.<\/p>\n\n\n\n<p>EJEMPLO<br \/>El conde regresa de las cruzadas y manda reunir a todos sus sirvientes. Una vez reunidos, les dice: &#8220;Antes de irme a las cruzadas orden\u00e9 que le pusieran a mi esposa, la condesa, un cintur\u00f3n de castidad con guillotina. Ahora veremos si me fueron fieles. \u00a1Abajo los pantalones!&#8221;.<br \/>Todos los sirvientes ten\u00edan el miembro rebanado, menos uno. El conde lo llama:<br \/>&#8220;Ven ac\u00e1, mi fiel Bertoldo, y dile unas palabras a este mont\u00f3n de desvergonzados&#8221;.<br \/>&#8220;\u00a1GGG\u2026 G\u2026 GGGGG\u2026 GG!<\/p>\n\n\n\n<p>PAP\u00c1 ENAMORADO<br \/>Cierta vez una hija le pregunta a su padre: \u201cPap\u00e1, \u00bfalguna vez te enamoraste de una maestra?\u201d.<br \/>\u201cS\u00ed hija, la del kinder\u2026\u201d, le contest\u00f3 el padre.<br \/>\u201c\u00bfQue rom\u00e1ntico?\u201d, dijo la ni\u00f1a, para luego cuestionar, \u201c\u00bfy qu\u00e9 pas\u00f3 pap\u00e1?\u201d.<br \/>A lo que el padre contesta: \u201c\u00a1TU MAMA SE ENCABRONO Y TE CAMBIO DE KINDER!\u201d.<\/p>\n\n\n\n<p>LAS MUJERES SEG\u00daN SU EDAD<br \/>De 8 a\u00f1os la llevas a la cama y le cuentas un cuento.<br \/>De 18 a\u00f1os le cuentas un cuento y te la llevas a la cama.<br \/>De 28 a\u00f1os no necesitas contarle ning\u00fan cuento para llev\u00e1rtela a la cama.<br \/>De 38 a\u00f1os ella te cuenta un cuento y te lleva a la cama.<br \/>De 48 a\u00f1os le cuentas un cuento para evitar ir a la cama.<br \/>De 58 a\u00f1os ella te dice: T\u00fa en la cama ya eres puro cuento.<br \/>De 68 a\u00f1os eres t\u00fa quien no quiere saber nada de cuentos ni de camas.<br \/>De 88 a\u00f1os apenas ven la cama, pero no se acuerdan como era el cuento.<\/p>\n","protected":false},"excerpt":{"rendered":"<p>Aunque en las redes sociales ha surgido informaci\u00f3n en sentido de que personal de la Procuradur\u00eda Federal del Consumidor (PROFECO) inici\u00f3 en Nuevo Laredo un operativo para sancionar a los &hellip; <a href=\"http:\/\/revistalaneta.com.mx\/?p=13668\" class=\"more-link\">Leer m\u00e1s<\/a><\/p>\n","protected":false},"author":1,"featured_media":13667,"comment_status":"open","ping_status":"open","sticky":false,"template":"","format":"standard","meta":{"footnotes":""},"categories":[2,3],"tags":[],"class_list":["post-13668","post","type-post","status-publish","format-standard","has-post-thumbnail","hentry","category-chismorreo","category-opinion","entry"],"_links":{"self":[{"href":"http:\/\/revistalaneta.com.mx\/index.php?rest_route=\/wp\/v2\/posts\/13668","targetHints":{"allow":["GET"]}}],"collection":[{"href":"http:\/\/revistalaneta.com.mx\/index.php?rest_route=\/wp\/v2\/posts"}],"about":[{"href":"http:\/\/revistalaneta.com.mx\/index.php?rest_route=\/wp\/v2\/types\/post"}],"author":[{"embeddable":true,"href":"http:\/\/revistalaneta.com.mx\/index.php?rest_route=\/wp\/v2\/users\/1"}],"replies":[{"embeddable":true,"href":"http:\/\/revistalaneta.com.mx\/index.php?rest_route=%2Fwp%2Fv2%2Fcomments&post=13668"}],"version-history":[{"count":1,"href":"http:\/\/revistalaneta.com.mx\/index.php?rest_route=\/wp\/v2\/posts\/13668\/revisions"}],"predecessor-version":[{"id":13669,"href":"http:\/\/revistalaneta.com.mx\/index.php?rest_route=\/wp\/v2\/posts\/13668\/revisions\/13669"}],"wp:featuredmedia":[{"embeddable":true,"href":"http:\/\/revistalaneta.com.mx\/index.php?rest_route=\/wp\/v2\/media\/13667"}],"wp:attachment":[{"href":"http:\/\/revistalaneta.com.mx\/index.php?rest_route=%2Fwp%2Fv2%2Fmedia&parent=13668"}],"wp:term":[{"taxonomy":"category","embeddable":true,"href":"http:\/\/revistalaneta.com.mx\/index.php?rest_route=%2Fwp%2Fv2%2Fcategories&post=13668"},{"taxonomy":"post_tag","embeddable":true,"href":"http:\/\/revistalaneta.com.mx\/index.php?rest_route=%2Fwp%2Fv2%2Ftags&post=13668"}],"curies":[{"name":"wp","href":"https:\/\/api.w.org\/{rel}","templated":true}]}}