{"id":13671,"date":"2024-09-02T15:13:25","date_gmt":"2024-09-02T15:13:25","guid":{"rendered":"http:\/\/revistalaneta.com.mx\/?p=13671"},"modified":"2024-09-02T15:13:56","modified_gmt":"2024-09-02T15:13:56","slug":"tamaulipas-muy-presente-en-el-informe-de-amlo","status":"publish","type":"post","link":"http:\/\/revistalaneta.com.mx\/?p=13671","title":{"rendered":"TAMAULIPAS, MUY PRESENTE EN EL INFORME DE AMLO"},"content":{"rendered":"\n<p><br>Ni duda cabe que Tamaulipas estuvo muy presente en sexto y \u00faltimo informe del presidente Andr\u00e9s Manuel L\u00f3pez Obrador celebrado este domingo en el Z\u00f3calo de la Ciudad de M\u00e9xico, y no solo por la presencia del gobernador Am\u00e9rico Villarreal Anaya, quien se hizo acompa\u00f1ar de su esposa, la presidenta del DIF de Tamaulipas, Mar\u00eda Villarreal, y la extensa comitiva de tamaulipecos que acudieron de diversas partes de la entidad a ser parte de tan significativo evento, sino tambi\u00e9n porque el mandatario nacional destac\u00f3 varios proyectos estrat\u00e9gicos que su gobierno emprendi\u00f3 durante su sexenio, justamente en beneficio de los tamaulipecos, y donde sin duda destaca la construcci\u00f3n de la Agencia Nacional de Aduanas de M\u00e9xico (ANAM), que de hecho habr\u00e1 de ser inaugurada por el propio L\u00f3pez Obrador el pr\u00f3ximo 21 de septiembre, en la que ser\u00e1 su \u00faltima visita a la entidad, y cuya mayor\u00eda de giras de trabajo han sido justamente en el mandato de Am\u00e9rico Villarreal Anaya.<\/p>\n\n\n\n<p>GOBERNADOR MUESTRA SU RESPALDO AL PRESIDENTE<br \/>Pero aparte el presidente Andr\u00e9s Manuel L\u00f3pez Obrador tambi\u00e9n cit\u00f3 en su informe la construcci\u00f3n de la planta de licuefacci\u00f3n en Altamira, en alianza con New Fortress y la Comisi\u00f3n Federal de Electricidad (CFE), y donde indudablemente se marca el compromiso del gobierno federal con el desarrollo sustentable y la modernizaci\u00f3n energ\u00e9tica. Asimismo cit\u00f3 la terminaci\u00f3n de la autopista Tuxpan-Tampico, que sin duda representa un avance significativo en la conectividad de Tamaulipas con el resto del pa\u00eds. Cabe indicar que el gobernador Am\u00e9rico Villarreal presenci\u00f3 el informe en primera fila, y en todo momento mostr\u00f3 su respaldo al presidente L\u00f3pez Obrador, a la vez que reafirm\u00f3 su compromiso de continuar respaldando a la Cuarta Transformaci\u00f3n, todo a fin de seguir fortaleciendo la seguridad, la educaci\u00f3n, el desarrollo econ\u00f3mico y el bienestar social de todos los tamaulipecos.<\/p>\n\n\n\n<p>UN GOBIERNO SIN DEVALUACI\u00d3N<br \/>Una de las cosas que hay que reconocerle al presidente Andr\u00e9s Manuel L\u00f3pez Obrador es que durante su mandato sexenal no hubo devaluaci\u00f3n del peso frente al d\u00f3lar, y por el contrario nuestra divisa se fortaleci\u00f3 por un largo tiempo. En este sentido hay que recordar que AMLO inici\u00f3 su mandato con un d\u00f3lar ofreci\u00e9ndose a 20 pesos en promedio, y as\u00ed fluctu\u00f3 de inici\u00f3 pero luego poco a poco el peso fue ganando terreno, a tal grado que desde mediados del 2023 al primer trimestre del 2024 se ofreci\u00f3 entre 16 y 17 pesos. Tras las elecciones federales del 2 de junio, el d\u00f3lar volvi\u00f3 a subir de precio, y actualmente, y a un mes de que L\u00f3pez Obrador termine su sexenio, se ofrece a un promedio de 19.30 pesos, es decir a menos de lo que lo recibi\u00f3. Solo es cuesti\u00f3n que el billete verde no se vaya al alza escandalosamente en este \u00faltimo mes de gobierno, para poder presumir de tener el \u00fanico sexenio, desde hace 50 a\u00f1os, en que no hubo devaluaci\u00f3n.<\/p>\n\n\n\n<p>CARMEN LILIA SIGUE SIENDO LA MEJOR ALCALDESA DE M\u00c9XICO<br \/>Con el 57.7 de aprobaci\u00f3n ciudadana a su gesti\u00f3n, la Presidenta Municipal de Nuevo Laredo, Carmen Lilia Canturosas Villarreal, se mantiene como la mejor alcaldesa de todo M\u00e9xico, esto seg\u00fan el \u00faltimo sondeo realizado por la empresa Consulta Mitofsky, sobre el desempe\u00f1o de 150 alcaldes de M\u00e9xico durante el mes de agosto del 2024. De esta manera Carmen Lilia, del partido MORENA, se mantiene en dicha posici\u00f3n, pues en los \u00faltimos meses tambi\u00e9n ha figurado en la misma, aunque ahora va empatada con Ariadna Ayala Camarill, de Atlixco, Puebla, quien de la misma forma tiene un 57.7 de aprobaci\u00f3n. De hecho, Carmen Lilia solo es superada en la funci\u00f3n a nivel general por el alcalde de Tampico, Jes\u00fas Nader Nasrallah, del PAN, quien ostenta un 63.5 por ciento de aprobaci\u00f3n. Llama la atenci\u00f3n que los dos primeros lugares de esta encuesta nacional, la ocupan alcaldes tamaulipecos.<\/p>\n\n\n\n<p>DA FITCH RATIUNGS BUENA CALIFICACI\u00d3N CREDITICIA A NLD<br \/>Otra buena noticia relacionada con el buen desempe\u00f1o de la administraci\u00f3n municipal de Carmen Lilia Canturosas Villarreal es que la empresa Fitch Ratings, la cual se especializa en la evaluaci\u00f3n de la capacidad crediticia de los municipios, le otorg\u00f3 a Nuevo Laredo la clasificaci\u00f3n triple A, la m\u00e1s alta a nivel nacional para un municipio, y lo cual es consecuencia del fortalecimiento de los resultados presupuestarios y su posici\u00f3n de liquidez. Al respecto Carmen Lilia Canturosas se manifest\u00f3 satisfecha con esta nueva evaluaci\u00f3n financiera, y consider\u00f3 que es un reflejo del manejo adecuado de las finanzas p\u00fablicas, as\u00ed como de la estabilidad econ\u00f3mica y la gesti\u00f3n eficaz del gobierno municipal que encabeza.<\/p>\n\n\n\n<p>LE MUEVEN EL TAPETE A CHECO OJEDA<br \/>La sala regional del Tribunal Electoral del Poder Judicial de la Federaci\u00f3n (TEPJF) con sede en Monterrey, decidi\u00f3 revocar la resoluci\u00f3n impugnada con relaci\u00f3n a la elecci\u00f3n del Distrito 3 con cabecera en Nuevo Laredo, por lo que orden\u00f3 al Tribunal Electoral de Tamaulipas (TRIELTAM) reabrir el expediente de impugnaci\u00f3n presentada en su momento por el Partido Acci\u00f3n Nacional (PAN), y definir al respecto. Con esto queda en veremos el triunfo de Sergio Ojeda Castillo, de la coalici\u00f3n MORENA-PT-PVEM, aunque dada la gran diferencia de votos es probable que no vaya haber cambio alguno, y solo el TRIELTAM tenga que cumplir con darle entrada a la impugnaci\u00f3n, por lo que habr\u00e1 que esperar a que se atienda el asunto.<\/p>\n\n\n\n<p>REACREDITA LA UAT LA CARRERA DE DERECHO DE LA FCACS<br \/>La Universidad Aut\u00f3noma de Tamaulipas (UAT), reacredit\u00f3 la carrera de Licenciatura en Derecho que oferta la Facultad de Comercio, Administraci\u00f3n y Ciencias Sociales (FCACS) de Nuevo Laredo, esto durante una sesi\u00f3n de trabajo celebrada en Ciudad Victoria con representantes acad\u00e9micos de los Comit\u00e9s Interinstitucionales para la Evaluaci\u00f3n de la Educaci\u00f3n Superior (CIEES), y presidida por el rector D\u00e1maso Anaya Alvarado. En dicha reuni\u00f3n se concluy\u00f3 el tercer proceso de reacreditaci\u00f3n de la referida carrera, con lo que se reafirma la calidad del programa educativo de Derecho que se imparte en Nuevo Laredo, y a la vez la consolidaci\u00f3n de la calidad educativa de la oferta acad\u00e9mica de la UAT. En su mensaje el rector Anaya Alvarado inform\u00f3 que actualmente, el 96.2 por ciento de los programas educativos de la UAT est\u00e1n acreditados por organismos externos, lo que permite atender al 98.2 por ciento de la matr\u00edcula de estudiantes en programas de calidad. Durante dicho evento tomaron parte tambi\u00e9n la secretaria acad\u00e9mica, Dra. Rosa Issel Acosta Gonz\u00e1lez, y de forma virtual el Mtro. Ren\u00e9 Adri\u00e1n Salinas Salinas, director de la FCACS; y por parte de los CIEES, el Dr. Jos\u00e9 Alberto Gayt\u00e1n Garc\u00eda, vocal ejecutivo del Comit\u00e9 de Ciencias Sociales y Administrativas, entre otros.<\/p>\n\n\n\n<p>LO \u00daLTIMO<br \/>Este lunes est\u00e1n cumpliendo a\u00f1os el catedr\u00e1tico de la FCACS de la UAT, Rafael Nolasco Ornelas, as\u00ed como la ex regidora Iliana Maribel Medina Garc\u00eda, tambi\u00e9n Alma Urieta de Guarneros, la patrona de Gorditas La Bodega, e igualmente Arturo Pe\u00f1a Trevi\u00f1o y Carlos Bulas Villarreal. A todos ellos \u00a1muchas felicidades y que cumplan muchos a\u00f1os m\u00e1s!\u2026 Hay consternaci\u00f3n por el lamentable deceso del s\u00edndico electo, Roberto Maldonado Siller. Las autoridades ya investigan. \u00a1Descanse en paz!\u2026 Inici\u00f3 el mes de septiembre y con ello la temporada de frentes fr\u00edos, aunque el primero no se va a sentir tanto en nuestra regi\u00f3n. En total ser\u00e1n 56 frentes fr\u00edos los que registraremos entre septiembre del 2024 y mayo del 2025. Para Nuevo Laredo se espera que empiece a calar el fr\u00edo hasta noviembre\u2026 Por lo visto a la directiva del Am\u00e9rica se le olvid\u00f3 llevarle el sobre al \u00e1rbitro, y por eso perdieron por goliza ante el Cruz Azul\u2026 Yo no s\u00e9 Ustedes, pero a m\u00ed no se me quita de la cabeza que la directiva de los Tecolotes se vendi\u00f3 ante Sultanes. Son \u00e1rabes, venden hasta lo que no\u2026 Pero si le fue gacho a Tecos, peor le fue a Guerreros de Oaxaca, quienes de estar a solo un juego de llegar a la final del campeonato del b\u00e9isbol mexicano, perdieron los cuatro juegos restantes de manera seguida. \u00a1Qu\u00e9 b\u00e1rbaros!<\/p>\n","protected":false},"excerpt":{"rendered":"<p>Ni duda cabe que Tamaulipas estuvo muy presente en sexto y \u00faltimo informe del presidente Andr\u00e9s Manuel L\u00f3pez Obrador celebrado este domingo en el Z\u00f3calo de la Ciudad de M\u00e9xico, &hellip; <a href=\"http:\/\/revistalaneta.com.mx\/?p=13671\" class=\"more-link\">Leer m\u00e1s<\/a><\/p>\n","protected":false},"author":1,"featured_media":13670,"comment_status":"open","ping_status":"open","sticky":false,"template":"","format":"standard","meta":{"footnotes":""},"categories":[2,3],"tags":[],"class_list":["post-13671","post","type-post","status-publish","format-standard","has-post-thumbnail","hentry","category-chismorreo","category-opinion","entry"],"_links":{"self":[{"href":"http:\/\/revistalaneta.com.mx\/index.php?rest_route=\/wp\/v2\/posts\/13671","targetHints":{"allow":["GET"]}}],"collection":[{"href":"http:\/\/revistalaneta.com.mx\/index.php?rest_route=\/wp\/v2\/posts"}],"about":[{"href":"http:\/\/revistalaneta.com.mx\/index.php?rest_route=\/wp\/v2\/types\/post"}],"author":[{"embeddable":true,"href":"http:\/\/revistalaneta.com.mx\/index.php?rest_route=\/wp\/v2\/users\/1"}],"replies":[{"embeddable":true,"href":"http:\/\/revistalaneta.com.mx\/index.php?rest_route=%2Fwp%2Fv2%2Fcomments&post=13671"}],"version-history":[{"count":1,"href":"http:\/\/revistalaneta.com.mx\/index.php?rest_route=\/wp\/v2\/posts\/13671\/revisions"}],"predecessor-version":[{"id":13672,"href":"http:\/\/revistalaneta.com.mx\/index.php?rest_route=\/wp\/v2\/posts\/13671\/revisions\/13672"}],"wp:featuredmedia":[{"embeddable":true,"href":"http:\/\/revistalaneta.com.mx\/index.php?rest_route=\/wp\/v2\/media\/13670"}],"wp:attachment":[{"href":"http:\/\/revistalaneta.com.mx\/index.php?rest_route=%2Fwp%2Fv2%2Fmedia&parent=13671"}],"wp:term":[{"taxonomy":"category","embeddable":true,"href":"http:\/\/revistalaneta.com.mx\/index.php?rest_route=%2Fwp%2Fv2%2Fcategories&post=13671"},{"taxonomy":"post_tag","embeddable":true,"href":"http:\/\/revistalaneta.com.mx\/index.php?rest_route=%2Fwp%2Fv2%2Ftags&post=13671"}],"curies":[{"name":"wp","href":"https:\/\/api.w.org\/{rel}","templated":true}]}}