{"id":13677,"date":"2024-09-02T18:18:54","date_gmt":"2024-09-02T18:18:54","guid":{"rendered":"http:\/\/revistalaneta.com.mx\/?p=13677"},"modified":"2024-09-02T18:19:11","modified_gmt":"2024-09-02T18:19:11","slug":"asiste-americo-a-evaluacion-del-imss-bienestar","status":"publish","type":"post","link":"http:\/\/revistalaneta.com.mx\/?p=13677","title":{"rendered":"Asiste Am\u00e9rico a evaluaci\u00f3n del IMSS-Bienestar"},"content":{"rendered":"\n<p><\/p>\n\n\n\n<ul class=\"wp-block-list\">\n<li>La reuni\u00f3n de Salud fue encabezada por el presidente Andr\u00e9s Manuel L\u00f3pez Obrador y la presidenta electa Claudia Sheinbaum<\/li>\n<\/ul>\n\n\n\n<p><\/p>\n\n\n\n<p>Ciudad de M\u00e9xico.-El gobernador Am\u00e9rico Villarreal Anaya acudi\u00f3 a la reuni\u00f3n del IMSS-Bienestar, donde se evaluaron los avances de los programas de salud, la cual fue encabezada por el presidente Andr\u00e9s Manuel L\u00f3pez Obrador y la presidenta electa Claudia Sheinbaum.<\/p>\n\n\n\n<p>En la reuni\u00f3n, celebrada en Palacio Nacional, participaron adem\u00e1s las y los gobernadores de los estados, integrantes del gabinete y las y los pr\u00f3ximos funcionarios que asumir\u00e1n su cargo el 1 de octubre.<\/p>\n\n\n\n<p>Este mismo viernes, el gobernador Villarreal Anaya, por separado, sostuvo reuniones con el doctor David Kershenobich, pr\u00f3ximo secretario de Salud, quien se comprometi\u00f3 a sumar esfuerzos para mejorar el sistema de salud en Tamaulipas.<\/p>\n\n\n\n<p>El gobernador de Tamaulipas, acompa\u00f1ado del secretario de Salud estatal Vicente Hern\u00e1ndez, detall\u00f3 al doctor Kershenobich el trabajo que se est\u00e1 haciendo dentro el sector, en Tamaulipas.<\/p>\n\n\n\n<p>En agenda posterior sostuvo un encuentro con Jos\u00e9 Antonio Pe\u00f1a Merino, quien fungir\u00e1 como titular de la nueva Agencia de Transformaci\u00f3n Digital y Telecomunicaciones. Aqu\u00ed se acord\u00f3 trabajar para armonizar las nuevas tecnolog\u00edas, a fin de modernizar la administraci\u00f3n p\u00fablica estatal.<\/p>\n","protected":false},"excerpt":{"rendered":"<p>Ciudad de M\u00e9xico.-El gobernador Am\u00e9rico Villarreal Anaya acudi\u00f3 a la reuni\u00f3n del IMSS-Bienestar, donde se evaluaron los avances de los programas de salud, la cual fue encabezada por el presidente &hellip; <a href=\"http:\/\/revistalaneta.com.mx\/?p=13677\" class=\"more-link\">Leer m\u00e1s<\/a><\/p>\n","protected":false},"author":1,"featured_media":13676,"comment_status":"open","ping_status":"open","sticky":false,"template":"","format":"standard","meta":{"footnotes":""},"categories":[7],"tags":[],"class_list":["post-13677","post","type-post","status-publish","format-standard","has-post-thumbnail","hentry","category-ciudad-victoria","entry"],"_links":{"self":[{"href":"http:\/\/revistalaneta.com.mx\/index.php?rest_route=\/wp\/v2\/posts\/13677","targetHints":{"allow":["GET"]}}],"collection":[{"href":"http:\/\/revistalaneta.com.mx\/index.php?rest_route=\/wp\/v2\/posts"}],"about":[{"href":"http:\/\/revistalaneta.com.mx\/index.php?rest_route=\/wp\/v2\/types\/post"}],"author":[{"embeddable":true,"href":"http:\/\/revistalaneta.com.mx\/index.php?rest_route=\/wp\/v2\/users\/1"}],"replies":[{"embeddable":true,"href":"http:\/\/revistalaneta.com.mx\/index.php?rest_route=%2Fwp%2Fv2%2Fcomments&post=13677"}],"version-history":[{"count":1,"href":"http:\/\/revistalaneta.com.mx\/index.php?rest_route=\/wp\/v2\/posts\/13677\/revisions"}],"predecessor-version":[{"id":13678,"href":"http:\/\/revistalaneta.com.mx\/index.php?rest_route=\/wp\/v2\/posts\/13677\/revisions\/13678"}],"wp:featuredmedia":[{"embeddable":true,"href":"http:\/\/revistalaneta.com.mx\/index.php?rest_route=\/wp\/v2\/media\/13676"}],"wp:attachment":[{"href":"http:\/\/revistalaneta.com.mx\/index.php?rest_route=%2Fwp%2Fv2%2Fmedia&parent=13677"}],"wp:term":[{"taxonomy":"category","embeddable":true,"href":"http:\/\/revistalaneta.com.mx\/index.php?rest_route=%2Fwp%2Fv2%2Fcategories&post=13677"},{"taxonomy":"post_tag","embeddable":true,"href":"http:\/\/revistalaneta.com.mx\/index.php?rest_route=%2Fwp%2Fv2%2Ftags&post=13677"}],"curies":[{"name":"wp","href":"https:\/\/api.w.org\/{rel}","templated":true}]}}