{"id":13702,"date":"2024-09-04T02:05:42","date_gmt":"2024-09-04T02:05:42","guid":{"rendered":"http:\/\/revistalaneta.com.mx\/?p=13702"},"modified":"2024-09-04T02:06:02","modified_gmt":"2024-09-04T02:06:02","slug":"capacita-sebien-en-materia-de-desaparicion-forzada","status":"publish","type":"post","link":"http:\/\/revistalaneta.com.mx\/?p=13702","title":{"rendered":"Capacita SEBIEN en materia de desaparici\u00f3n forzada"},"content":{"rendered":"\n<p><\/p>\n\n\n\n<p><\/p>\n\n\n\n<p>Ciudad Victoria, Tamaulipas.- En el marco del &#8220;D\u00eda Internacional de V\u00edctimas de Desapariciones Forzadas&#8221;, la Secretar\u00eda de Bienestar Social, a trav\u00e9s de la Subsecretar\u00eda de Derechos Humanos y Articulaci\u00f3n Social, llev\u00f3 a cabo una conferencia enfocada en el &#8220;Marco Jur\u00eddico para prevenir, investigar y sancionar la desaparici\u00f3n forzada&#8221;.<\/p>\n\n\n\n<p>La conferencia tuvo un \u00e9nfasis especial en el caso Radilla Pacheco, el cual result\u00f3 en la primera sentencia por violaci\u00f3n a derechos humanos en contra del Estado mexicano.<\/p>\n\n\n\n<p>La ponencia fue impartida por Carlos S\u00e1nchez Aguirre, capacitador en la Direcci\u00f3n de Servicios Educativos de la Comisi\u00f3n Nacional de los Derechos Humanos.<\/p>\n\n\n\n<p>Estas acciones tienen como objetivo no solo informar sobre la trascendencia del caso Radilla Pacheco en la jurisprudencia mexicana e internacional, sino tambi\u00e9n incentivar y fortalecer el cumplimiento de la obligaci\u00f3n y responsabilidad de los servidores p\u00fablicos en la promoci\u00f3n, respeto y protecci\u00f3n de los derechos humanos.<\/p>\n\n\n\n<p>Se subray\u00f3 la importancia de que la actuaci\u00f3n de las personas servidoras p\u00fablicas est\u00e9 alineada con los principios de dignidad y justicia que caracterizan un gobierno humanista.<\/p>\n\n\n\n<p>El evento cont\u00f3 con la participaci\u00f3n de distinguidas autoridades, quienes formaron parte del pres\u00eddium, como Esteban Etienne Ruiz, subsecretario de Derechos Humanos y Articulaci\u00f3n Social; Tom\u00e1s Gloria Requena, subsecretario de Gobierno, en representaci\u00f3n de H\u00e9ctor Joel Villegas Gonz\u00e1lez, secretario general de Gobierno; Sandra de la Rosa Guerrero, en representaci\u00f3n de Mar\u00eda Taide Garza Guerra, presidenta de la Comisi\u00f3n de Derechos Humanos del Estado de Tamaulipas; Mariela Estefan\u00eda Zurita Lugo, directora general del Instituto de Defensor\u00eda P\u00fablica del Estado de Tamaulipas, as\u00ed como importantes autoridades y cerca de 90 personas servidoras p\u00fablicas, entre las que se incluyen enlaces de derechos humanos de las diferentes secretar\u00edas, dependencias, organismos y municipios de Tamaulipas.<code> * * *<\/code><\/p>\n","protected":false},"excerpt":{"rendered":"<p>Ciudad Victoria, Tamaulipas.- En el marco del &#8220;D\u00eda Internacional de V\u00edctimas de Desapariciones Forzadas&#8221;, la Secretar\u00eda de Bienestar Social, a trav\u00e9s de la Subsecretar\u00eda de Derechos Humanos y Articulaci\u00f3n Social, &hellip; <a href=\"http:\/\/revistalaneta.com.mx\/?p=13702\" class=\"more-link\">Leer m\u00e1s<\/a><\/p>\n","protected":false},"author":1,"featured_media":13701,"comment_status":"open","ping_status":"open","sticky":false,"template":"","format":"standard","meta":{"footnotes":""},"categories":[7],"tags":[],"class_list":["post-13702","post","type-post","status-publish","format-standard","has-post-thumbnail","hentry","category-ciudad-victoria","entry"],"_links":{"self":[{"href":"http:\/\/revistalaneta.com.mx\/index.php?rest_route=\/wp\/v2\/posts\/13702","targetHints":{"allow":["GET"]}}],"collection":[{"href":"http:\/\/revistalaneta.com.mx\/index.php?rest_route=\/wp\/v2\/posts"}],"about":[{"href":"http:\/\/revistalaneta.com.mx\/index.php?rest_route=\/wp\/v2\/types\/post"}],"author":[{"embeddable":true,"href":"http:\/\/revistalaneta.com.mx\/index.php?rest_route=\/wp\/v2\/users\/1"}],"replies":[{"embeddable":true,"href":"http:\/\/revistalaneta.com.mx\/index.php?rest_route=%2Fwp%2Fv2%2Fcomments&post=13702"}],"version-history":[{"count":1,"href":"http:\/\/revistalaneta.com.mx\/index.php?rest_route=\/wp\/v2\/posts\/13702\/revisions"}],"predecessor-version":[{"id":13703,"href":"http:\/\/revistalaneta.com.mx\/index.php?rest_route=\/wp\/v2\/posts\/13702\/revisions\/13703"}],"wp:featuredmedia":[{"embeddable":true,"href":"http:\/\/revistalaneta.com.mx\/index.php?rest_route=\/wp\/v2\/media\/13701"}],"wp:attachment":[{"href":"http:\/\/revistalaneta.com.mx\/index.php?rest_route=%2Fwp%2Fv2%2Fmedia&parent=13702"}],"wp:term":[{"taxonomy":"category","embeddable":true,"href":"http:\/\/revistalaneta.com.mx\/index.php?rest_route=%2Fwp%2Fv2%2Fcategories&post=13702"},{"taxonomy":"post_tag","embeddable":true,"href":"http:\/\/revistalaneta.com.mx\/index.php?rest_route=%2Fwp%2Fv2%2Ftags&post=13702"}],"curies":[{"name":"wp","href":"https:\/\/api.w.org\/{rel}","templated":true}]}}