{"id":13705,"date":"2024-09-04T02:07:24","date_gmt":"2024-09-04T02:07:24","guid":{"rendered":"http:\/\/revistalaneta.com.mx\/?p=13705"},"modified":"2024-09-04T02:07:53","modified_gmt":"2024-09-04T02:07:53","slug":"firman-convenio-para-capacitacion-laboral-atencion-psicologica-y-juridica-a-mujeres-privadas-de-la-libertad","status":"publish","type":"post","link":"http:\/\/revistalaneta.com.mx\/?p=13705","title":{"rendered":"Firman convenio para capacitaci\u00f3n laboral, atenci\u00f3n psicol\u00f3gica y jur\u00eddica a mujeres privadas de la libertad"},"content":{"rendered":"\n<p><\/p>\n\n\n\n<ul class=\"wp-block-list\">\n<li>Inicia segunda etapa del Programa \u201cMujeres Sin L\u00edmites\u201d<\/li>\n<\/ul>\n\n\n\n<p><\/p>\n\n\n\n<p>Ciudad Victoria, Tamaulipas.- Con el objetivo de brindar capacitaci\u00f3n para el empleo, atenci\u00f3n psicol\u00f3gica y jur\u00eddica a mujeres privadas de la libertad, la Secretar\u00eda de Seguridad P\u00fablica de Tamaulipas (SSPT), el Centro de Ejecuci\u00f3n de Sanciones (CEDES) en Ciudad Victoria y el Instituto de las Mujeres en Tamaulipas firmaron un convenio de colaboraci\u00f3n.<\/p>\n\n\n\n<p>A la par de esta firma, se dio inicio a la segunda etapa del Programa Mujeres Sin L\u00edmites, a trav\u00e9s del cual se brindan herramientas que contribuyen al desarrollo personal y laboral de la poblaci\u00f3n femenina del CEDES Victoria.<\/p>\n\n\n\n<p>\u201cEstas acciones son uno de los mayores compromisos del sistema penitenciario ya que brindan a la poblaci\u00f3n femenil las oportunidades para adquirir competencias laborales y facilitan su proceso de reincorporaci\u00f3n a la sociedad econ\u00f3micamente activa\u201d, destac\u00f3 el subsecretario de Ejecuci\u00f3n de Sanciones y Reinserci\u00f3n Social de la SSPT, Juan Antonio S\u00e1nchez Ruiz.<\/p>\n\n\n\n<p>Por su parte, la directora general del Instituto de las Mujeres en Tamaulipas, Dianaluz Guti\u00e9rrez Gonz\u00e1lez, reconoci\u00f3 estas acciones como muestra del humanismo que caracteriza a la actual administraci\u00f3n estatal que encabeza Am\u00e9rico Villarreal Anaya.<\/p>\n\n\n\n<p>\u201cEstamos en un gobierno diferente, con gente humana, con gente cercana, ese coraz\u00f3n del gobernador nos permea a todos nosotros\u201d, dijo.<\/p>\n\n\n\n<p>La ceremonia cont\u00f3 con la presencia del director del CEDES Victoria, Fernando Aguilar De la Garza; el director de Reinserci\u00f3n Social y Servicios Postpenales, Jorge Alberto Sauceda Velazco y el subdirector jur\u00eddico del CEDES Victoria, Alberto Moctezuma Bisnes.<code> * * *<\/code><\/p>\n","protected":false},"excerpt":{"rendered":"<p>Ciudad Victoria, Tamaulipas.- Con el objetivo de brindar capacitaci\u00f3n para el empleo, atenci\u00f3n psicol\u00f3gica y jur\u00eddica a mujeres privadas de la libertad, la Secretar\u00eda de Seguridad P\u00fablica de Tamaulipas (SSPT), &hellip; <a href=\"http:\/\/revistalaneta.com.mx\/?p=13705\" class=\"more-link\">Leer m\u00e1s<\/a><\/p>\n","protected":false},"author":1,"featured_media":13704,"comment_status":"open","ping_status":"open","sticky":false,"template":"","format":"standard","meta":{"footnotes":""},"categories":[7],"tags":[],"class_list":["post-13705","post","type-post","status-publish","format-standard","has-post-thumbnail","hentry","category-ciudad-victoria","entry"],"_links":{"self":[{"href":"http:\/\/revistalaneta.com.mx\/index.php?rest_route=\/wp\/v2\/posts\/13705","targetHints":{"allow":["GET"]}}],"collection":[{"href":"http:\/\/revistalaneta.com.mx\/index.php?rest_route=\/wp\/v2\/posts"}],"about":[{"href":"http:\/\/revistalaneta.com.mx\/index.php?rest_route=\/wp\/v2\/types\/post"}],"author":[{"embeddable":true,"href":"http:\/\/revistalaneta.com.mx\/index.php?rest_route=\/wp\/v2\/users\/1"}],"replies":[{"embeddable":true,"href":"http:\/\/revistalaneta.com.mx\/index.php?rest_route=%2Fwp%2Fv2%2Fcomments&post=13705"}],"version-history":[{"count":1,"href":"http:\/\/revistalaneta.com.mx\/index.php?rest_route=\/wp\/v2\/posts\/13705\/revisions"}],"predecessor-version":[{"id":13706,"href":"http:\/\/revistalaneta.com.mx\/index.php?rest_route=\/wp\/v2\/posts\/13705\/revisions\/13706"}],"wp:featuredmedia":[{"embeddable":true,"href":"http:\/\/revistalaneta.com.mx\/index.php?rest_route=\/wp\/v2\/media\/13704"}],"wp:attachment":[{"href":"http:\/\/revistalaneta.com.mx\/index.php?rest_route=%2Fwp%2Fv2%2Fmedia&parent=13705"}],"wp:term":[{"taxonomy":"category","embeddable":true,"href":"http:\/\/revistalaneta.com.mx\/index.php?rest_route=%2Fwp%2Fv2%2Fcategories&post=13705"},{"taxonomy":"post_tag","embeddable":true,"href":"http:\/\/revistalaneta.com.mx\/index.php?rest_route=%2Fwp%2Fv2%2Ftags&post=13705"}],"curies":[{"name":"wp","href":"https:\/\/api.w.org\/{rel}","templated":true}]}}