{"id":13711,"date":"2024-09-04T02:12:09","date_gmt":"2024-09-04T02:12:09","guid":{"rendered":"http:\/\/revistalaneta.com.mx\/?p=13711"},"modified":"2024-09-04T02:12:39","modified_gmt":"2024-09-04T02:12:39","slug":"coloca-comision-de-parques-senaletica-para-evitar-atropellamientos-de-fauna","status":"publish","type":"post","link":"http:\/\/revistalaneta.com.mx\/?p=13711","title":{"rendered":"Coloca Comisi\u00f3n de Parques se\u00f1al\u00e9tica para evitar atropellamientos de fauna"},"content":{"rendered":"\n<p><\/p>\n\n\n\n<ul class=\"wp-block-list\">\n<li>Exhorta a conductores a manejar con responsabilidad para evitar da\u00f1os personales y a las especies<\/li>\n<\/ul>\n\n\n\n<p><\/p>\n\n\n\n<p>Ciudad Victoria, Tamaulipas.- En protecci\u00f3n de la fauna silvestre en las vialidades del estado, la Comisi\u00f3n de Parques y Biodiversidad de Tamaulipas (CPBT) ha implementado la colocaci\u00f3n de se\u00f1al\u00e9tica para salvaguardar a las mismas.<\/p>\n\n\n\n<p>Eduardo Rocha Orozco, vocal de la Comisi\u00f3n destac\u00f3 que es primordial evitar atropellamientos de ejemplares en el estado, por lo que pidi\u00f3 tambi\u00e9n la comprensi\u00f3n de los conductores.<\/p>\n\n\n\n<p>En este sentido, exhort\u00f3 a los viajeros a manejar con cautela cuidando su propia vida, la de su familia y al mismo tiempo la de la fauna.<\/p>\n\n\n\n<p>Refiri\u00f3 que para ello se han instalado m\u00e1s de 25 se\u00f1al\u00e9ticas faun\u00edsticas, del jaguar en el ejido Felipe \u00c1ngeles, as\u00ed como en la Plaza de Jaumave, Ocampo y en el parque Ecol\u00f3gico Bi\u00f3sfera el Cielo, en G\u00f3mez Far\u00edas.<\/p>\n\n\n\n<p>En Palmillas la informaci\u00f3n es referente a la mariposa monarca, la del ocelote se coloc\u00f3 por el rumbo de Llera, en Mante-Ocampo informaci\u00f3n sobre la guacamaya entre otras m\u00e1s.<\/p>\n\n\n\n<p>\u201cEsto es parte de un trabajo conjunto entre la Comisi\u00f3n en colaboraci\u00f3n con la Secretar\u00eda de Comunicaciones y Transportes, Pronatura Noreste y Defenders of Wildlife, as\u00ed como de empresarios, entre otros m\u00e1s, unidos en pro de las especies\u201d.<\/p>\n\n\n\n<p>Tal como lo se\u00f1ala el gobernador de Tamaulipas, Am\u00e9rico Villarreal Anaya, se requiere del apoyo de una sociedad participativa y colaborativa para seguir avanzando en la transformaci\u00f3n que requiere el estado, concluy\u00f3.<\/p>\n","protected":false},"excerpt":{"rendered":"<p>Ciudad Victoria, Tamaulipas.- En protecci\u00f3n de la fauna silvestre en las vialidades del estado, la Comisi\u00f3n de Parques y Biodiversidad de Tamaulipas (CPBT) ha implementado la colocaci\u00f3n de se\u00f1al\u00e9tica para &hellip; <a href=\"http:\/\/revistalaneta.com.mx\/?p=13711\" class=\"more-link\">Leer m\u00e1s<\/a><\/p>\n","protected":false},"author":1,"featured_media":13710,"comment_status":"open","ping_status":"open","sticky":false,"template":"","format":"standard","meta":{"footnotes":""},"categories":[7],"tags":[],"class_list":["post-13711","post","type-post","status-publish","format-standard","has-post-thumbnail","hentry","category-ciudad-victoria","entry"],"_links":{"self":[{"href":"http:\/\/revistalaneta.com.mx\/index.php?rest_route=\/wp\/v2\/posts\/13711","targetHints":{"allow":["GET"]}}],"collection":[{"href":"http:\/\/revistalaneta.com.mx\/index.php?rest_route=\/wp\/v2\/posts"}],"about":[{"href":"http:\/\/revistalaneta.com.mx\/index.php?rest_route=\/wp\/v2\/types\/post"}],"author":[{"embeddable":true,"href":"http:\/\/revistalaneta.com.mx\/index.php?rest_route=\/wp\/v2\/users\/1"}],"replies":[{"embeddable":true,"href":"http:\/\/revistalaneta.com.mx\/index.php?rest_route=%2Fwp%2Fv2%2Fcomments&post=13711"}],"version-history":[{"count":1,"href":"http:\/\/revistalaneta.com.mx\/index.php?rest_route=\/wp\/v2\/posts\/13711\/revisions"}],"predecessor-version":[{"id":13712,"href":"http:\/\/revistalaneta.com.mx\/index.php?rest_route=\/wp\/v2\/posts\/13711\/revisions\/13712"}],"wp:featuredmedia":[{"embeddable":true,"href":"http:\/\/revistalaneta.com.mx\/index.php?rest_route=\/wp\/v2\/media\/13710"}],"wp:attachment":[{"href":"http:\/\/revistalaneta.com.mx\/index.php?rest_route=%2Fwp%2Fv2%2Fmedia&parent=13711"}],"wp:term":[{"taxonomy":"category","embeddable":true,"href":"http:\/\/revistalaneta.com.mx\/index.php?rest_route=%2Fwp%2Fv2%2Fcategories&post=13711"},{"taxonomy":"post_tag","embeddable":true,"href":"http:\/\/revistalaneta.com.mx\/index.php?rest_route=%2Fwp%2Fv2%2Ftags&post=13711"}],"curies":[{"name":"wp","href":"https:\/\/api.w.org\/{rel}","templated":true}]}}