{"id":13720,"date":"2024-09-04T02:21:39","date_gmt":"2024-09-04T02:21:39","guid":{"rendered":"http:\/\/revistalaneta.com.mx\/?p=13720"},"modified":"2024-09-04T02:22:06","modified_gmt":"2024-09-04T02:22:06","slug":"mala-noticia-quieren-cobrar-refrendo-por-licencia-de-conducir","status":"publish","type":"post","link":"http:\/\/revistalaneta.com.mx\/?p=13720","title":{"rendered":"MALA NOTICIA: QUIEREN COBRAR REFRENDO POR LICENCIA DE CONDUCIR"},"content":{"rendered":"\n<p><\/p>\n\n\n\n<p><\/p>\n\n\n\n<p>-500 vacantes ofrece Programa M\u00f3vil de Empleo<\/p>\n\n\n\n<p>-Tenemos el mejor sistema de salud del mundo<\/p>\n\n\n\n<p>-Eso dice AMLO y el mundo se carcajea<\/p>\n\n\n\n<p>Tiempo de opinar<\/p>\n\n\n\n<p>Ra\u00fal Hern\u00e1ndez Moreno<\/p>\n\n\n\n<p>2-septiembre-2024<\/p>\n\n\n\n<p>Mala noticia la que hoy dio la Sacretaria de Finanzas, Adriana Lozano, en el sentido de que se analiza cobrar un refrendo anual o bianual por el uso de la licencia de conducir.<\/p>\n\n\n\n<p>La actual legislatura propuso en la \u00faltima parte del sexenio de Cabeza de Vaca que la licencia de conducir tuviera vigencia permanente. En principio el PAN se neg\u00f3, pero en los \u00faltimos meses del fin de la administraci\u00f3n estuvo de acuerdo, con el objetivo de restarle ingresos al gobierno de Morena, cuando \u00e9ste tomara posesi\u00f3n.<\/p>\n\n\n\n<p>Morena estuvo de acuerdo cuando el PAN era gobierno y ahora, seg\u00fan lo dicho por la se\u00f1ora Lozano, est\u00e1 en desacuerdo. \u00bfDe qu\u00e9 se trata? \u00bfEs un tema de votos y simpat\u00eda?<\/p>\n\n\n\n<p>Pero, adem\u00e1s, cobrar refrendo es volver a pagar por la licencia. Total, que regresen a las licencias de dos a\u00f1os.<\/p>\n\n\n\n<p>Hay otras formas de que el gobierno estatal recaude impuestos, porque hay que decir que, aunque en teor\u00eda en Tamaulipas no se cobra la tenencia, s\u00ed pagamos el impuesto de derechos vehiculares, que para efectos pr\u00e1cticos es lo mismo, El automovilista paga por usar ese veh\u00edculo, por conducirlo, lo que es equiparable al uso de la licencia,<\/p>\n\n\n\n<p>En fin, esperemos que al rato no quieran cobrar impuestos por cada puerta y ventana de las casas, o por tener mascotas. O peor a\u00fan, por respirar.<\/p>\n\n\n\n<p>Por otra parte, m\u00e1s de 500 vacantes fueron ofertadas en la \u00faltima edici\u00f3n del programa \u201cEmpleo en tu colonia\u201d, que realiz\u00f3 la Secretar\u00eda de Desarrollo Econ\u00f3mico en la Plaza Hidalgo.<\/p>\n\n\n\n<p>Estas plazas fueron ofrecidas por 10 empresas.<\/p>\n\n\n\n<p>Ma\u00f1ana mi\u00e9rcoles el programa estar\u00e1 en el estacionamiento de Soriana Carrizo y el 6 de septiembre en la explanada Esteban Baca Calder\u00f3n.<\/p>\n\n\n\n<p>Este programa pone en contacto a empresas que requieren mano de obra y a personas que est\u00e1n en busca de empleo.<\/p>\n\n\n\n<p>El programa ha permitido que Nuevo Laredo tenga una tasa de desempleo muy baja.<\/p>\n\n\n\n<p>En otro tema, el presidente Andr\u00e9s Manuel L\u00f3pez Obrador cada vez se enloquece m\u00e1s. Entre la sarta de mentiras que dijo en su sexto desinforme de gobierno, presumi\u00f3 que M\u00e9xico tiene uno de los mejores sistemas de salud en el mundo.<\/p>\n\n\n\n<p>Y tambi\u00e9n tuvo el descaro de decir que la delincuencia baj\u00f3 en su sexenio, sin importarle las viudas y hu\u00e9rfanos de los 190 mil asesinatos violentos que ha dejado su fallida estrategia contra la delincuencia.<\/p>\n\n\n\n<p>Adem\u00e1s, pregunt\u00f3 a sus fan\u00e1ticos que a mano alzada dijeran si estaban de acuerdo con la destrucci\u00f3n del poder judicial y le respondieron alzando las manos. Igual podr\u00eda haberles preguntado si est\u00e1n de acuerdo en que M\u00e9xico le declare la guerra a Estados Unidos y le habr\u00edan dicho que s\u00ed.<\/p>\n\n\n\n<p>\u00a1Es la locura total!<\/p>\n\n\n\n<p>Cuando Jos\u00e9 L\u00f3pez Portillo llor\u00f3 en su sexto informe y prometi\u00f3 defender el peso como un perro, los asistentes le aplaudieron a rabiar y terminaron con las manos hinchadas y adoloridas.<\/p>\n\n\n\n<p>Lo mismo le pas\u00f3 a Porfirio D\u00edaz cuando dio el grito de independencia en Palacio Nacional el 15 de septiembre de 1910. Los asistentes le aplaudieron hasta el cansancio y luego ofreci\u00f3 una cena en el patio, donde los se\u00f1ores con frac y las se\u00f1oras encopetadas celebraron, sin imaginar que dos meses despu\u00e9s estallar\u00eda la revoluci\u00f3n y en mayo siguiente, don Porfirio terminar\u00eda renunciando a la presidencia.<\/p>\n","protected":false},"excerpt":{"rendered":"<p>-500 vacantes ofrece Programa M\u00f3vil de Empleo -Tenemos el mejor sistema de salud del mundo -Eso dice AMLO y el mundo se carcajea Tiempo de opinar Ra\u00fal Hern\u00e1ndez Moreno 2-septiembre-2024 &hellip; <a href=\"http:\/\/revistalaneta.com.mx\/?p=13720\" class=\"more-link\">Leer m\u00e1s<\/a><\/p>\n","protected":false},"author":1,"featured_media":13719,"comment_status":"open","ping_status":"open","sticky":false,"template":"","format":"standard","meta":{"footnotes":""},"categories":[2],"tags":[],"class_list":["post-13720","post","type-post","status-publish","format-standard","has-post-thumbnail","hentry","category-chismorreo","entry"],"_links":{"self":[{"href":"http:\/\/revistalaneta.com.mx\/index.php?rest_route=\/wp\/v2\/posts\/13720","targetHints":{"allow":["GET"]}}],"collection":[{"href":"http:\/\/revistalaneta.com.mx\/index.php?rest_route=\/wp\/v2\/posts"}],"about":[{"href":"http:\/\/revistalaneta.com.mx\/index.php?rest_route=\/wp\/v2\/types\/post"}],"author":[{"embeddable":true,"href":"http:\/\/revistalaneta.com.mx\/index.php?rest_route=\/wp\/v2\/users\/1"}],"replies":[{"embeddable":true,"href":"http:\/\/revistalaneta.com.mx\/index.php?rest_route=%2Fwp%2Fv2%2Fcomments&post=13720"}],"version-history":[{"count":1,"href":"http:\/\/revistalaneta.com.mx\/index.php?rest_route=\/wp\/v2\/posts\/13720\/revisions"}],"predecessor-version":[{"id":13721,"href":"http:\/\/revistalaneta.com.mx\/index.php?rest_route=\/wp\/v2\/posts\/13720\/revisions\/13721"}],"wp:featuredmedia":[{"embeddable":true,"href":"http:\/\/revistalaneta.com.mx\/index.php?rest_route=\/wp\/v2\/media\/13719"}],"wp:attachment":[{"href":"http:\/\/revistalaneta.com.mx\/index.php?rest_route=%2Fwp%2Fv2%2Fmedia&parent=13720"}],"wp:term":[{"taxonomy":"category","embeddable":true,"href":"http:\/\/revistalaneta.com.mx\/index.php?rest_route=%2Fwp%2Fv2%2Fcategories&post=13720"},{"taxonomy":"post_tag","embeddable":true,"href":"http:\/\/revistalaneta.com.mx\/index.php?rest_route=%2Fwp%2Fv2%2Ftags&post=13720"}],"curies":[{"name":"wp","href":"https:\/\/api.w.org\/{rel}","templated":true}]}}