{"id":13723,"date":"2024-09-04T02:24:36","date_gmt":"2024-09-04T02:24:36","guid":{"rendered":"http:\/\/revistalaneta.com.mx\/?p=13723"},"modified":"2024-09-04T02:25:21","modified_gmt":"2024-09-04T02:25:21","slug":"se-reune-americo-con-proximos-secretarios-federales","status":"publish","type":"post","link":"http:\/\/revistalaneta.com.mx\/?p=13723","title":{"rendered":"SE RE\u00daNE AM\u00c9RICO CON PR\u00d3XIMOS SECRETARIOS FEDERALES"},"content":{"rendered":"\n<p><br>Continuando con su gira de trabajo por la Ciudad de M\u00e9xico, el gobernador Am\u00e9rico Villarreal Anaya se entrevist\u00f3 con la pr\u00f3xima secretaria de Gobernaci\u00f3n, Rosa Icela Rodr\u00edguez Vel\u00e1squez, y con el futuro secretario de Seguridad P\u00fablica Federal, Omar Garc\u00eda Harfuch, con quienes refrend\u00f3 el compromiso de seguir trabajando de la mano con el gobierno federal que encabezar\u00e1 a partir del 1 de octubre Claudia Sheinbaum Pardo, a fin de seguir generando beneficios para los tamaulipecos. En lo que respecta a la reuni\u00f3n con Rosa Icela Rodr\u00edguez, el mandatario estatal pugn\u00f3 por seguir reforzando la presencia del gobierno federal en Tamaulipas, y a la vez fortalecer la seguridad mediante una pol\u00edtica de apoyo social y bienestar que favorezca a la comunidad tamaulipeca. A la vez Rodr\u00edguez Vel\u00e1zquez destac\u00f3 el compromiso de continuar con un enfoque humanista en el estado, alineado con los principios de la Cuarta Transformaci\u00f3n. Por su parte en la reuni\u00f3n con Omar Garc\u00eda Harfuch, el gobernador destac\u00f3 los avances obtenidos en las Mesas de Seguridad, lo que ha permitido promover un entorno seguro y pr\u00f3spero para los tamaulipecos. Por su parte el pr\u00f3ximo secretario de Seguridad P\u00fablica Federal hizo el compromiso de continuar trabajar coordinadamente con Tamaulipas, siguiendo la instrucci\u00f3n de Claudia Sheinbaum de garantizar la paz y la seguridad en todo el pa\u00eds.<\/p>\n\n\n\n<p>BUSCA GOBERNADOR SEGUIR CON BENEFICIOS PARA TAMAULIPAS<br \/>Cabe indicar que estas reuniones se suman a otras que el Gobernador del Estado de Tamaulipas, Am\u00e9rico Villarreal Anaya, ha sostenido recientemente con miembros del pr\u00f3ximo gabinete federal, y con quienes igualmente ha buscado mantener los beneficios para Tamaulipas en los diferentes rubros que atender\u00e1n. Entre estos se encuentran David Kershenobich, futuro secretario de Salud, y Jos\u00e9 Antonio Pe\u00f1a Merino, pr\u00f3ximo encargado de la Agencia de Transformaci\u00f3n Digital y Telecomunicaciones, con quienes abord\u00f3 estrategias para alinear las pol\u00edticas estatales con las federales en \u00e1reas como salud y transformaci\u00f3n digital. As\u00ed pues, la agenda de trabajo del mandatario de Tamaulipas da muestra de su visi\u00f3n por lograr que nuestra entidad contin\u00fae avanzando paralelamente a las acciones del gobierno federal, a la vez de asegurar recursos, establecer mejores medidas de seguridad, y m\u00e1s desarrollo, en beneficio de todos los tamaulipecos.<\/p>\n\n\n\n<p>RENUNCIA LA DIRIGENTE DE MORENA DE TAMAULIPAS<br \/>Dado a que a partir del primero de octubre asumir\u00e1 el cargo de diputada federal en la Sexag\u00e9sima Sexta Legislatura del Congreso del Estado de Tamaulipas, Yuriria Iturbe V\u00e1zquez decidi\u00f3 renunciar a la dirigencia estatal del Movimiento de Regeneraci\u00f3n Nacional (MORENA). La mencionada dijo que su dimisi\u00f3n es por \u00e9tica y en congruencia y en respeto a los estatutos de su partido, por lo que dej\u00f3 la puerta abierta para la designaci\u00f3n de un pr\u00f3ximo dirigente estatal. Por mientras y por lo tanto quien queda a cargo de la presidencia del comit\u00e9 estatal de MORENA de manera interina, en tanto se convoca a elecciones internas, es Marco Zuviri Rivera, quien se ven\u00eda desempe\u00f1ando como secretario general. Iturbe V\u00e1zquez asumi\u00f3 la dirigencia de MORENA el 28 de agosto del 2022, por lo que acababa de cumplir dos a\u00f1os al frente del mismo, y en ese lapso logr\u00f3 importantes victorias para su partido.<\/p>\n\n\n\n<p>DONA EL CRIT SILLA DE RUEDAS AL DIF TAMAULIPAS<br \/>Un total de 59 sillas de ruedas fueron donadas por el Centro de Rehabilitaci\u00f3n e Inclusi\u00f3n Infantil Telet\u00f3n de Tamaulipas (CRIT), al Sistema para el Desarrollo Integral de la Familia (DIF) Tamaulipas, mismas que ser\u00e1n utilizadas para ayudar a personas que las requieran. Dicha donaci\u00f3n obedece a la gran labor que se est\u00e1 realizando en el DIF de Tamaulipas de la mano de la se\u00f1ora Mar\u00eda de Villarreal, y que no pasa desapercibida por organismos altruistas, como es el caso del CRIT, y quien, de esta forma, al lado del DIF, suma esfuerzos en favor de quienes m\u00e1s lo necesitan.<\/p>\n\n\n\n<p>EN MARCHA \u201cSEPTIEMBRE, MES DEL TESTAMENTO 2024\u201d<br \/>El subsecretario de Legalidad y Servicios Gubernamentales de Tamaulipas, Jorge Luis Beas G\u00e1mez, dio arranque a la campa\u00f1a \u201cSeptiembre Mes del Testamento 2024\u201d, con la que se busca promover la cultura de la previsi\u00f3n y asegurar la protecci\u00f3n jur\u00eddica de las familias tamaulipecas. A nombre del secretario general de Gobierno, H\u00e9ctor Joel Villegas Gonz\u00e1lez, el mencionado funcionario, dijo que durante todo el presente mes se estar\u00e1n dando todas las facilidades para realizar testamentos, y sobre todo a precios m\u00e1s econ\u00f3micos de lo habitual, esto en todas las notar\u00edas p\u00fablicas de la entidad, as\u00ed como del resto del pa\u00eds, pues esta es una campa\u00f1a nacional en la que se busca destacar la importancia fundamental del testamento como documento legal para asegurar el futuro de los seres queridos y garantizar la seguridad jur\u00eddica.<\/p>\n\n\n\n<p>VIENEN DOS NUEVOS SUPERMERCADOS<br \/>Ya es oficial, Nuevo Laredo contar\u00e1 con dos nuevos supermercados al poniente de la ciudad, siendo estos de las firmas Soriana y Bodega Aurrer\u00e1. La alcaldesa Carmen Lilia Canturosas Villarreal anunci\u00f3 sobre lo anterior, indicando que la llegada de estas nuevas empresas reafirma el gran desarrollo econ\u00f3mico que est\u00e1 teniendo Nuevo Laredo, adem\u00e1s que generar\u00e1n 400 nuevos empleados para la comunidad. La nueva tienda Soriana se ubicar\u00e1 en Prolongaci\u00f3n Monterrey y Anzures, en la colonia Los Fresnos, mientras que la Bodega Aurrer\u00e1 estar\u00e1 en el Segundo Anillo Perif\u00e9rico y avenida Rea en la colonia La Sand\u00eda. Se espera que estas nuevas tiendas inicien operaciones a partir del a\u00f1o entrante.<\/p>\n\n\n\n<p>SUBSECRETARIO DE EDUCACI\u00d3N TIENE REUNI\u00d3N CON UNIVERSIDADES<br \/>Una reuni\u00f3n de trabajo cuyo prop\u00f3sito es el de hacer m\u00e1s acordes los programas educativos de nivel superior con las necesidades de las empresas, adem\u00e1s de fortalecer el trabajo en equipo entre universidades, y tambi\u00e9n que haya m\u00e1s sinergia entre universidades y preparatorias, se realiz\u00f3 en las instalaciones de la Universidad Tecnol\u00f3gica de Nuevo Laredo (UTNL), y estuvo encabezada por el subsecretario de Educaci\u00f3n Media y Superior, doctor Guadalupe Acosta Villarreal. En esta reuni\u00f3n estuvieron representantes de diversas unidades de Nuevo Laredo y la frontera chica, tales como Instituto Tecnol\u00f3gico de Nuevo Laredo, la Escuela Normal Urbana \u201cCuauht\u00e9moc\u201d, la Universidad Pedag\u00f3gica Nacional, el Instituto Universitario de la Asociaci\u00f3n de Agentes Aduanales, la Universidad Tec Milenio, la Universidad Polit\u00e9cnica de la Regi\u00f3n Ribere\u00f1a, la Universidad M\u00e9xico Americana del Norte, el Instituto Human\u00edstico de la Salud, y la propia Universidad Tecnol\u00f3gica de Nuevo Laredo, a cargo del ingeniero Jos\u00e9 Antonio Tovar Lara, quien fungi\u00f3 como anfitri\u00f3n. Igualmente estuvieron representantes de maquiladoras, agencias aduanales, empresas transportistas, y funcionarios de los tres niveles de gobierno, pues la idea es conjugar esfuerzos para lograr mejores objetivos en la educaci\u00f3n de nivel superior.<\/p>\n\n\n\n<p>CONSIGUE LA UAT ACREDITACI\u00d3N PARA EVALUACI\u00d3N<br \/>Como un importante logro que fortalece el prestigio y la consolidaci\u00f3n de la Universidad Aut\u00f3noma de Tamaulipas (UAT) como un referente en el \u00e1mbito de la educaci\u00f3n superior, calific\u00f3 el rector de la propia UAT, MVZ D\u00e1maso Anaya Alvarado, el que por primera vez en su historia, la m\u00e1xima casa de estudios de nuestra entidad haya obtenido la acreditaci\u00f3n como Centro para Evaluar y Certificar a Pares Evaluadores de Instituciones de Educaci\u00f3n Superior (IES) y Organismos Externos, otorgada por el Consejo Nacional de Normalizaci\u00f3n y Certificaci\u00f3n de Competencias Laborales (CONOCER). El rector Anaya Alvarado abund\u00f3 que estos es un reflejo de las pol\u00edticas institucionales que promueven la mejora continua, el fortalecimiento acad\u00e9mico y el mantenimiento de altos est\u00e1ndares educativos como pilares de la gesti\u00f3n universitaria. Cabe citar que la acreditaci\u00f3n como centro evaluador y certificador con el Est\u00e1ndar EC1314 del organismo CONOCER permitir\u00e1 que la UAT sirva como referencia en la evaluaci\u00f3n de competencias para los pares evaluadores y apoye a las instituciones de educaci\u00f3n superior en la implementaci\u00f3n de sistemas de emisi\u00f3n de valoraciones argumentadas y la formulaci\u00f3n de recomendaciones que contribuyan a la excelencia educativa.<\/p>\n\n\n\n<p>LO \u00daLTIMO<br \/>Muchas felicidades al pastor y regidor electo Hemin Pascacio Rodr\u00edguez, quien este martes est\u00e1 de manteles largos, al igual que el amigo Javier Badilla, trabajador de la COMAPA y tambi\u00e9n Pablo Garza. \u00a1Muchos m\u00e1s d\u00edas de estos!\u2026 Inici\u00f3 el pago de pensiones a los adultos mayores, correspondiente al quinto bimestre del a\u00f1o, que abarca los meses de septiembre y octubre. Como siempre hay que esperar a que les toque la letra correspondiente\u2026 El ex gobernador tamaulipeco, Eugenio Hern\u00e1ndez Flores, recibi\u00f3 de manera formal el documento que lo acredita como nuevo secretario de gesti\u00f3n pol\u00edtica dentro del Comit\u00e9 Ejecutivo Nacional (CEN) del Partido Verde Ecologista de M\u00e9xico (PVEM). Es su boleto para una pr\u00f3xima diputaci\u00f3n federal plurinominal\u2026 Vaya que se vino fuerte la lluvia en Nuevo Laredo este lunes, y aparte fue intensa. Y como ya lo he dicho, que llueva es una bendici\u00f3n. Ojal\u00e1 contin\u00faen las lluvias en este mes de septiembre, que tradicionalmente es un mes lluvioso.<\/p>\n","protected":false},"excerpt":{"rendered":"<p>Continuando con su gira de trabajo por la Ciudad de M\u00e9xico, el gobernador Am\u00e9rico Villarreal Anaya se entrevist\u00f3 con la pr\u00f3xima secretaria de Gobernaci\u00f3n, Rosa Icela Rodr\u00edguez Vel\u00e1squez, y con &hellip; <a href=\"http:\/\/revistalaneta.com.mx\/?p=13723\" class=\"more-link\">Leer m\u00e1s<\/a><\/p>\n","protected":false},"author":1,"featured_media":13722,"comment_status":"open","ping_status":"open","sticky":false,"template":"","format":"standard","meta":{"footnotes":""},"categories":[2,3],"tags":[],"class_list":["post-13723","post","type-post","status-publish","format-standard","has-post-thumbnail","hentry","category-chismorreo","category-opinion","entry"],"_links":{"self":[{"href":"http:\/\/revistalaneta.com.mx\/index.php?rest_route=\/wp\/v2\/posts\/13723","targetHints":{"allow":["GET"]}}],"collection":[{"href":"http:\/\/revistalaneta.com.mx\/index.php?rest_route=\/wp\/v2\/posts"}],"about":[{"href":"http:\/\/revistalaneta.com.mx\/index.php?rest_route=\/wp\/v2\/types\/post"}],"author":[{"embeddable":true,"href":"http:\/\/revistalaneta.com.mx\/index.php?rest_route=\/wp\/v2\/users\/1"}],"replies":[{"embeddable":true,"href":"http:\/\/revistalaneta.com.mx\/index.php?rest_route=%2Fwp%2Fv2%2Fcomments&post=13723"}],"version-history":[{"count":1,"href":"http:\/\/revistalaneta.com.mx\/index.php?rest_route=\/wp\/v2\/posts\/13723\/revisions"}],"predecessor-version":[{"id":13724,"href":"http:\/\/revistalaneta.com.mx\/index.php?rest_route=\/wp\/v2\/posts\/13723\/revisions\/13724"}],"wp:featuredmedia":[{"embeddable":true,"href":"http:\/\/revistalaneta.com.mx\/index.php?rest_route=\/wp\/v2\/media\/13722"}],"wp:attachment":[{"href":"http:\/\/revistalaneta.com.mx\/index.php?rest_route=%2Fwp%2Fv2%2Fmedia&parent=13723"}],"wp:term":[{"taxonomy":"category","embeddable":true,"href":"http:\/\/revistalaneta.com.mx\/index.php?rest_route=%2Fwp%2Fv2%2Fcategories&post=13723"},{"taxonomy":"post_tag","embeddable":true,"href":"http:\/\/revistalaneta.com.mx\/index.php?rest_route=%2Fwp%2Fv2%2Ftags&post=13723"}],"curies":[{"name":"wp","href":"https:\/\/api.w.org\/{rel}","templated":true}]}}