{"id":13726,"date":"2024-09-04T04:22:12","date_gmt":"2024-09-04T04:22:12","guid":{"rendered":"http:\/\/revistalaneta.com.mx\/?p=13726"},"modified":"2024-09-04T04:22:19","modified_gmt":"2024-09-04T04:22:19","slug":"aprovechan-reclutadores-y-ciudadanos-programa-de-empleo-en-tu-colonia","status":"publish","type":"post","link":"http:\/\/revistalaneta.com.mx\/?p=13726","title":{"rendered":"Aprovechan reclutadores y ciudadanos programa de &#8220;Empleo en tu Colonia&#8221;"},"content":{"rendered":"\n<p><\/p>\n\n\n\n<p>Nuevo Laredo, Tamps.- En una nueva edici\u00f3n del evento \u201cEmpleo en tu Colonia\u201d, el Gobierno Municipal a trav\u00e9s de la Secretar\u00eda de Desarrollo Econ\u00f3mico, ofert\u00f3 m\u00e1s de 500 vacantes de 10 diversas empresas a trabajadores desocupados en la Plaza Hidalgo.<\/p>\n\n\n\n<p>La reclutadora Alejandra \u00c1lvarez Baca, destac\u00f3 que mediante este programa, la captaci\u00f3n de talento tiene mayor alcance debido a los lugares c\u00e9ntricos donde se concentran las empresas.<\/p>\n\n\n\n<p>\u201cYa participamos en varias ediciones y nos motiva seguir participando porque si se acercan las personas y es una buena herramienta que tenemos que aprovechar porque facilitan el contacto con los prospectos\u201d, expres\u00f3.<\/p>\n\n\n\n<p>Por su parte, el ciudadano Carlos Casas Flores, mencion\u00f3 que \u201cEmpleo en tu Colonia\u201d ofrece vacantes de diversos giros como transportes, seguridad, maquiladoras, entre otras.<\/p>\n\n\n\n<p>\u201cEs una ventaja para quienes buscamos empleo porque est\u00e1n en un sector popular y es parte de las rutas de transporte, adem\u00e1s de que todas las empresas est\u00e1n en un s\u00f3lo lugar y uno puede elegir d\u00f3nde pedir informaci\u00f3n sobre las vacantes\u201d, manifest\u00f3.<\/p>\n\n\n\n<p>Mientras que el reclutador David Garc\u00eda, resalt\u00f3 que gracias a la difusi\u00f3n del Gobierno Municipal por estos eventos, se tiene un gran alcance con los trabajadores desocupados.<\/p>\n\n\n\n<p>\u201cEs un adicional que nos ayuda a conectar con la gente y podemos conocer m\u00e1s candidatos para las vacantes, ya hemos contratado por medio del programa y es de gran beneficio para satisfacer las necesidades de capital humano\u201d, coment\u00f3.<\/p>\n\n\n\n<p>Las siguientes ediciones de \u201cEmpleo en tu Colonia\u201d ser\u00e1n el 3 de septiembre en el estacionamiento de Soriana Carrizo que se ubica entre la calle Eva S\u00e1mano y Avenida Revoluci\u00f3n, y la siguiente ser\u00e1 el 6 de septiembre en la Explanada Esteban Baca Calder\u00f3n.<\/p>\n","protected":false},"excerpt":{"rendered":"<p>Nuevo Laredo, Tamps.- En una nueva edici\u00f3n del evento \u201cEmpleo en tu Colonia\u201d, el Gobierno Municipal a trav\u00e9s de la Secretar\u00eda de Desarrollo Econ\u00f3mico, ofert\u00f3 m\u00e1s de 500 vacantes de &hellip; <a href=\"http:\/\/revistalaneta.com.mx\/?p=13726\" class=\"more-link\">Leer m\u00e1s<\/a><\/p>\n","protected":false},"author":1,"featured_media":13725,"comment_status":"open","ping_status":"open","sticky":false,"template":"","format":"standard","meta":{"footnotes":""},"categories":[4],"tags":[],"class_list":["post-13726","post","type-post","status-publish","format-standard","has-post-thumbnail","hentry","category-nuevo-laredo","entry"],"_links":{"self":[{"href":"http:\/\/revistalaneta.com.mx\/index.php?rest_route=\/wp\/v2\/posts\/13726","targetHints":{"allow":["GET"]}}],"collection":[{"href":"http:\/\/revistalaneta.com.mx\/index.php?rest_route=\/wp\/v2\/posts"}],"about":[{"href":"http:\/\/revistalaneta.com.mx\/index.php?rest_route=\/wp\/v2\/types\/post"}],"author":[{"embeddable":true,"href":"http:\/\/revistalaneta.com.mx\/index.php?rest_route=\/wp\/v2\/users\/1"}],"replies":[{"embeddable":true,"href":"http:\/\/revistalaneta.com.mx\/index.php?rest_route=%2Fwp%2Fv2%2Fcomments&post=13726"}],"version-history":[{"count":1,"href":"http:\/\/revistalaneta.com.mx\/index.php?rest_route=\/wp\/v2\/posts\/13726\/revisions"}],"predecessor-version":[{"id":13727,"href":"http:\/\/revistalaneta.com.mx\/index.php?rest_route=\/wp\/v2\/posts\/13726\/revisions\/13727"}],"wp:featuredmedia":[{"embeddable":true,"href":"http:\/\/revistalaneta.com.mx\/index.php?rest_route=\/wp\/v2\/media\/13725"}],"wp:attachment":[{"href":"http:\/\/revistalaneta.com.mx\/index.php?rest_route=%2Fwp%2Fv2%2Fmedia&parent=13726"}],"wp:term":[{"taxonomy":"category","embeddable":true,"href":"http:\/\/revistalaneta.com.mx\/index.php?rest_route=%2Fwp%2Fv2%2Fcategories&post=13726"},{"taxonomy":"post_tag","embeddable":true,"href":"http:\/\/revistalaneta.com.mx\/index.php?rest_route=%2Fwp%2Fv2%2Ftags&post=13726"}],"curies":[{"name":"wp","href":"https:\/\/api.w.org\/{rel}","templated":true}]}}